
{"id":86515,"date":"2023-11-14T07:38:00","date_gmt":"2023-11-14T06:38:00","guid":{"rendered":"https:\/\/smeclimatehub.org\/enpro-blir-klimatledare-inom-den-indiska-tillverkningssektorn\/"},"modified":"2025-08-01T10:25:13","modified_gmt":"2025-08-01T09:25:13","slug":"enpro-blir-klimatledare-inom-den-indiska-tillverkningssektorn","status":"publish","type":"post","link":"https:\/\/smeclimatehub.org\/sv\/enpro-blir-klimatledare-inom-den-indiska-tillverkningssektorn\/","title":{"rendered":"Enpro blir klimatledare inom den indiska tillverkningssektorn"},"content":{"rendered":"\n<p><strong>Att vara ett litet f\u00f6retag har inte avskr\u00e4ckt Enpro fr\u00e5n att g\u00f6ra dj\u00e4rva, okonventionella val. Att utforska v\u00e4gar f\u00f6r klimat\u00e5tg\u00e4rder har \u00f6ppnat upp nya v\u00e4gar f\u00f6r f\u00f6retagets tillv\u00e4xt, och deras resa mot nettonollutsl\u00e4pp har varit sp\u00e4nnande. Deras r\u00e5d till sina konkurrenter \u00e4r enkla \u2013 b\u00f6rja med sm\u00e5 f\u00f6r\u00e4ndringar men b\u00f6rja minska utsl\u00e4ppen.  <\/strong><\/p>\n\n<p><em>(Sm\u00e5 och medelstora f\u00f6retag som arbetar f\u00f6r att minska sina utsl\u00e4pp och bli mer h\u00e5llbara kan kickstarta sin klimatresa genom att g\u00f6ra klimat\u00e5tagandet f\u00f6r sm\u00e5 och medelstora f\u00f6retag.<\/em> <a href=\"https:\/\/smeclimatehub.org\/sv\/engagemang\/\" target=\"_blank\" rel=\"noreferrer noopener\"><em>L\u00e4s mer h\u00e4r<\/em><\/a> <em>.)<\/em><\/p>\n<div class=\"wp-block-image\">\n<figure class=\"aligncenter size-full is-resized\"><img loading=\"lazy\" decoding=\"async\" width=\"709\" height=\"422\" src=\"https:\/\/smeclimatehub.org\/wp-content\/uploads\/2023\/10\/1.png\" alt=\"\" class=\"wp-image-19313\" style=\"aspect-ratio:1.680094786729858;width:1139px;height:auto\" srcset=\"https:\/\/smeclimatehub.org\/wp-content\/uploads\/2023\/10\/1.png 709w, https:\/\/smeclimatehub.org\/wp-content\/uploads\/2023\/10\/1-300x179.png 300w\" sizes=\"auto, (max-width: 709px) 100vw, 709px\" \/><\/figure><\/div>\n<p>ENPRO Industries \u00e4r ett familje\u00e4gt f\u00f6retag med huvudkontor i Pune, Indien. F\u00f6retaget grundades f\u00f6r mer \u00e4n 33 \u00e5r sedan och specialiserar sig p\u00e5 design och tillverkning av mekaniska v\u00e4tskesystem och processutrustning f\u00f6r en m\u00e4ngd olika industriella till\u00e4mpningar inom sektorer som v\u00e4tgas, energi, kraft, vatten, petrokemi, g\u00f6dningsmedel, f\u00f6rsvar och livsmedel. <\/p>\n\n<p>Sedan starten har Enpro fr\u00e4mst arbetat med kunder inom olje- och gassektorn, men med klimatf\u00f6r\u00e4ndringarna som kr\u00e4vt en \u00f6verg\u00e5ng till renare br\u00e4nslen har f\u00f6retaget diversifierat sin kundbas till industrier som v\u00e4tgas, solenergi och avfallshantering. Med den v\u00e4xande medvetenheten kring nettonollutsl\u00e4pp och dess aff\u00e4rsf\u00f6rdelar b\u00f6rjade de ocks\u00e5 f\u00f6rb\u00e4ttra sina aff\u00e4rsprocesser f\u00f6r att bli mer h\u00e5llbara och beslutade att g\u00f6ra klimat\u00e5tagandet genom SME Climate Hub. <\/p>\n\n<p><strong>Sm\u00e5f\u00f6retag p\u00e5 v\u00e4g mot netto noll<\/strong><\/p>\n\n<p>Enpro anser att sm\u00e5 och medelstora f\u00f6retag kan spela en viktig roll i kampen mot klimatf\u00f6r\u00e4ndringarna. \u201dSm\u00e5f\u00f6retag \u00e4r en betydande del av globala v\u00e4rdekedjor och forskning visar att sm\u00e5 och medelstora f\u00f6retag st\u00e5r f\u00f6r cirka 90 % av utsl\u00e4ppen fr\u00e5n stora f\u00f6retag. Leverant\u00f6rer f\u00f6rv\u00e4ntas m\u00f6ta ett \u00f6kande tryck att minska utsl\u00e4ppen i takt med att f\u00f6retag i allt h\u00f6gre grad \u00e5tar sig att ta itu med klimatfr\u00e5gor. Sm\u00e5 och medelstora f\u00f6retag kan framtidss\u00e4kra sina f\u00f6retag fr\u00e5n s\u00e5dana s\u00e5rbarheter genom att anpassa klimatsmarta l\u00f6sningar som ren energi och resurseffektivitet\u201d, s\u00e4ger Anuj Karkare, vice VD p\u00e5 Enpro. <\/p>\n\n<p><strong>Enpros \u00e5tg\u00e4rder f\u00f6r att minska sina utsl\u00e4pp<\/strong> <\/p>\n\n<p>Enpro genererar en betydande del av sina driftsutsl\u00e4pp genom anv\u00e4ndning av fossila br\u00e4nslen, inklusive dieselgeneratorer f\u00f6r reservkraft, gasol f\u00f6r livsmedels- och kantinverksamhet och en begr\u00e4nsad flotta f\u00f6r interna transporter. Medan deras elbehov fr\u00e5n tillverkningen utg\u00f6r hela deras Scope 2-utsl\u00e4pp (vilket inkluderar alla indirekta utsl\u00e4pp fr\u00e5n produktionen av den ink\u00f6pta elen). <br\/><\/p>\n<div class=\"wp-block-image\">\n<figure class=\"aligncenter size-large\"><img loading=\"lazy\" decoding=\"async\" width=\"1024\" height=\"678\" src=\"https:\/\/smeclimatehub.org\/wp-content\/uploads\/2023\/10\/2-1024x678.jpg\" alt=\"\" class=\"wp-image-19314\" srcset=\"https:\/\/smeclimatehub.org\/wp-content\/uploads\/2023\/10\/2-1024x678.jpg 1024w, https:\/\/smeclimatehub.org\/wp-content\/uploads\/2023\/10\/2-300x199.jpg 300w, https:\/\/smeclimatehub.org\/wp-content\/uploads\/2023\/10\/2-768x508.jpg 768w, https:\/\/smeclimatehub.org\/wp-content\/uploads\/2023\/10\/2-1536x1017.jpg 1536w, https:\/\/smeclimatehub.org\/wp-content\/uploads\/2023\/10\/2-2048x1355.jpg 2048w\" sizes=\"auto, (max-width: 1024px) 100vw, 1024px\" \/><\/figure><\/div>\n<p>N\u00e4r det g\u00e4ller utsl\u00e4pp i Scope 3, med Enpros leveranskedja spridd \u00f6ver olika platser i och utanf\u00f6r Indien, har f\u00f6retaget \u00e4nnu inte en fullst\u00e4ndig \u00f6versikt. Teamet har dock p\u00e5b\u00f6rjat processen att f\u00f6rst\u00e5 h\u00e5llbarhetsinitiativen hos nya leverant\u00f6rer. Man f\u00f6rv\u00e4ntar sig att f\u00f6rfina denna process och f\u00f6rdjupa engagemanget med sin leveranskedja f\u00f6r att f\u00f6rst\u00e5 och st\u00f6dja deras h\u00e5llbarhetspraxis.  <\/p>\n\n<p>  Utsl\u00e4ppsminskande \u00e5tg\u00e4rder som f\u00f6retaget har vidtagit inkluderar:<\/p>\n\n<ol class=\"wp-block-list\">\n<li>installation av solcellssystem p\u00e5 taket som st\u00e5r f\u00f6r n\u00e4stan 75 % av Enpros elf\u00f6rbrukning (1,4 MW)<\/li>\n\n\n\n<li>installera energieffektiva maskiner i hela sin tillverkningsprocess<\/li>\n\n\n\n<li>etablera en LEED-certifierad gr\u00f6n byggnad som huvudkontor, vilket minskar energi- och vattenf\u00f6rbrukningen och s\u00e4kerst\u00e4ller personalens v\u00e4lbefinnande genom att prioritera en h\u00e4lsosammare arbetsmilj\u00f6 genom h\u00e5llbar design, god inomhusluftkvalitet och tillg\u00e5ng till naturligt ljus.<\/li>\n\n\n\n<li>uppmuntra anst\u00e4llda att minska sitt individuella koldioxidavtryck genom att cykla till jobbet, genomf\u00f6ra kl\u00e4dinsamlingar och tr\u00e4dplanteringar<\/li>\n\n\n\n<li>v\u00e4lja elfordon f\u00f6r tv\u00e5hjuliga transporter f\u00f6r Enpros arbete, b\u00e5de inom och utanf\u00f6r de egna lokalerna<\/li>\n<\/ol>\n\n<figure class=\"wp-block-image size-large\"><img loading=\"lazy\" decoding=\"async\" width=\"1024\" height=\"575\" src=\"https:\/\/smeclimatehub.org\/wp-content\/uploads\/2023\/10\/3-1024x575.jpg\" alt=\"\" class=\"wp-image-19315\" srcset=\"https:\/\/smeclimatehub.org\/wp-content\/uploads\/2023\/10\/3-1024x575.jpg 1024w, https:\/\/smeclimatehub.org\/wp-content\/uploads\/2023\/10\/3-300x169.jpg 300w, https:\/\/smeclimatehub.org\/wp-content\/uploads\/2023\/10\/3-768x431.jpg 768w, https:\/\/smeclimatehub.org\/wp-content\/uploads\/2023\/10\/3.jpg 1280w\" sizes=\"auto, (max-width: 1024px) 100vw, 1024px\" \/><\/figure>\n\n<p>\u00c4ven om bara 10 % av Enpros kunder nu beh\u00f6ver milj\u00f6certifieringar har f\u00f6retaget vidtagit proaktiva \u00e5tg\u00e4rder f\u00f6r att investera i och fr\u00e4mja h\u00e5llbarhet. F\u00f6retaget har anv\u00e4nt bankl\u00e5n f\u00f6r att betala f\u00f6r investeringar i solcellstak och energieffektiviseringsprojekt. <\/p>\n\n<p><strong>Utmaningar i deras klimat\u00e5tg\u00e4rdsresa<\/strong><\/p>\n\n<p>\u201dDen st\u00f6rsta utmaningen vi stod inf\u00f6r var att f\u00e5 tillg\u00e5ng till korrekta data fr\u00e5n olika processer f\u00f6r att f\u00f6rst\u00e5 v\u00e5ra utsl\u00e4pp och m\u00e4ta prestanda. N\u00e4r vi reflekterar \u00f6ver v\u00e5r h\u00e5llbarhetsresa k\u00e4nner vi att tydliga policyer och incitament kommer att vara mycket viktiga f\u00f6r att st\u00f6dja sm\u00e5 och medelstora f\u00f6retag att anta mer h\u00e5llbara metoder, s\u00e4rskilt n\u00e4r de arbetar med sina leverant\u00f6rer\u201d, s\u00e4ger Anuj.<\/p>\n\n<p><strong>Hur Enpro utnyttjar klimat\u00e5tg\u00e4rder f\u00f6r att skapa nya m\u00f6jligheter<\/strong><\/p>\n\n<p>Enpro har prioriterat h\u00e5llbarhet f\u00f6r att \u00e5terspegla sin vision. \u00c4ven om f\u00f6retaget f\u00f6rv\u00e4ntar sig en hyfsad avkastning p\u00e5 sina investeringar i solenergi och energieffektivitet, \u00e4r deras syfte att g\u00f6ra det r\u00e4tta f\u00f6r milj\u00f6n och sina m\u00e4nniskor. Men n\u00e4r f\u00f6retaget lyckas med sitt klimatl\u00f6fte vinner det respekt och beundran fr\u00e5n sina k\u00f6pare p\u00e5 b\u00e5de inhemska och utl\u00e4ndska marknader, och de erk\u00e4nns officiellt p\u00e5 olika leverant\u00f6rsm\u00f6ten och forum. Tack vare sitt engagemang f\u00f6r klimat- och milj\u00f6\u00e5tg\u00e4rder \u00e4r f\u00f6retaget v\u00e4l positionerat f\u00f6r att f\u00f6lja kommande internationell lagstiftning p\u00e5 de amerikanska och europeiska marknaderna.   <\/p>\n\n<figure class=\"wp-block-image size-large\"><img loading=\"lazy\" decoding=\"async\" width=\"1024\" height=\"577\" src=\"https:\/\/smeclimatehub.org\/wp-content\/uploads\/2023\/10\/4-1024x577.jpg\" alt=\"\" class=\"wp-image-19316\" srcset=\"https:\/\/smeclimatehub.org\/wp-content\/uploads\/2023\/10\/4-1024x577.jpg 1024w, https:\/\/smeclimatehub.org\/wp-content\/uploads\/2023\/10\/4-300x169.jpg 300w, https:\/\/smeclimatehub.org\/wp-content\/uploads\/2023\/10\/4-768x432.jpg 768w, https:\/\/smeclimatehub.org\/wp-content\/uploads\/2023\/10\/4-1536x865.jpg 1536w, https:\/\/smeclimatehub.org\/wp-content\/uploads\/2023\/10\/4-2048x1153.jpg 2048w\" sizes=\"auto, (max-width: 1024px) 100vw, 1024px\" \/><\/figure>\n\n<p>Enpros ledning menar att det inte har varit s\u00e4rskilt sv\u00e5rt att integrera klimataspekter i sitt beslutsfattande. De anser att det att vara ett familje\u00e4gt f\u00f6retag med ett tydligt h\u00e5llbart uppdrag g\u00f6r det m\u00f6jligt f\u00f6r dem att investera l\u00e5ngsiktigt. Det inneb\u00e4r att l\u00e5ngsiktiga \u00e5terbetalningsprojekt med en positiv milj\u00f6p\u00e5verkan ocks\u00e5 ses positivt.  <\/p>\n\n<p><strong>SME Climate Hubs roll<\/strong><\/p>\n\n<p>Enpro-teamet tycker att verktygen och resurserna som finns p\u00e5 SME Climate Hub \u00e4r l\u00e4ttillg\u00e4ngliga och l\u00e4ttanv\u00e4nda. En av de st\u00f6rsta f\u00f6rdelarna med Hub har varit att den har gett en struktur och f\u00e4rdplan f\u00f6r Enpros p\u00e5g\u00e5ende h\u00e5llbarhetsarbete. Dessutom har kurser som Climate Fit och \u00e5tg\u00e4rder som vidtagits av sm\u00e5 och medelstora f\u00f6retag i andra l\u00e4nder inspirerat fler id\u00e9er som skulle kunna implementeras i praktiken. En tydlig f\u00f6rdel har varit att f\u00f6retaget nu har ett m\u00e5l att arbeta mot, och det har bidragit till att effektivisera internt beslutsfattande.   <\/p>\n\n<p>Enpros engagerade medarbetare anv\u00e4nder regelbundet SME Climate Hub f\u00f6r att dra nytta av de m\u00e5nga utbildningsverktygen och f\u00f6r att f\u00f6rb\u00e4ttra Enpros h\u00e5llbarhetsplan. L\u00e5ngsiktiga m\u00e5l inkluderar att uppmuntra fler anst\u00e4llda att anv\u00e4nda verktygen och resurserna och att slutf\u00f6ra Climate Fit-utbildningen. F\u00f6retaget utv\u00e4rderar ocks\u00e5 den nya rapporteringsfunktionen, som kommer att anv\u00e4ndas f\u00f6r att f\u00f6lja framstegen mot sina m\u00e5l.  <\/p>\n\n<p>\u201dVi hittade en likasinnad allierad i SME Climate Hub. Vi var redan engagerade i att minska f\u00f6retagets utsl\u00e4pp och vidta positiva klimat\u00e5tg\u00e4rder n\u00e4r vi h\u00f6rde talas om initiativet. SME Climate Hub gav oss en bra m\u00f6jlighet att knyta an till liknande organisationer och l\u00e4ra av metoder runt om i v\u00e4rlden. Det var ocks\u00e5 uppmuntrande att vara en del av ett globalt initiativ som Race to Zero, s\u00e4rskilt eftersom det belyser den roll som sm\u00e5 och medelstora f\u00f6retag kan spela f\u00f6r att hantera klimatkrisen\u201d, s\u00e4ger Anuj.<\/p>\n\n<p><strong>Enpros planer f\u00f6r framtiden<\/strong><\/p>\n\n<p>Alla Enpros konsekventa \u00e5tg\u00e4rder m\u00f6jligg\u00f6r f\u00f6retagets framsteg mot sina ambiti\u00f6sa klimat- och milj\u00f6m\u00e5l:<\/p>\n\n<ul class=\"wp-block-list\">\n<li>Netto noll pappersf\u00f6rbrukning \u00e5r 2025<br\/> Enpro minskar aktivt pappersf\u00f6rbrukningen f\u00f6r officiella behov, och 5\u20136 avdelningar g\u00e5r f\u00f6r n\u00e4rvarande pappersl\u00f6sa, vilket minimerar Enpros milj\u00f6p\u00e5verkan. F\u00f6retaget planerar att endast anv\u00e4nda \u00e5tervunnet papper i s\u00e4llsynta fall, till exempel n\u00e4r de tillgodoser en kunds behov. <\/li>\n<\/ul>\n\n<ul class=\"wp-block-list\">\n<li>30 % koldioxidneutralitet p\u00e5 alla aff\u00e4rsanl\u00e4ggningar senast 2030 (inklusive fabriker och kontor)<\/li>\n<\/ul>\n\n<ul class=\"wp-block-list\">\n<li>100 % koldioxidneutralitet i hela v\u00e4rdekedjan senast 2050<br\/> Enpro arbetar f\u00f6r n\u00e4rvarande med sina utsl\u00e4pp i scope 1 och scope 2 och planerar att \u00f6verg\u00e5 till milj\u00f6medvetna leverant\u00f6rer f\u00f6r att hantera sina utsl\u00e4pp i scope 3. M\u00e5let \u00e4r att 100 % av deras leverant\u00f6rsekosystem ska best\u00e5 av f\u00f6retag som tillhandah\u00e5ller h\u00e5llbara produktl\u00f6sningar eller minskar sina egna utsl\u00e4pp senast 2050.   <\/li>\n<\/ul>\n\n<p>F\u00f6retaget investerar f\u00f6r n\u00e4rvarande i en plattform f\u00f6r data-\/ESG-rapportering som kommer att implementeras i alla funktioner och divisioner. Detta kommer att g\u00f6ra det m\u00f6jligt f\u00f6r dem att fatta b\u00e4ttre beslut kring utsl\u00e4pp, avfall och energianv\u00e4ndning. F\u00f6retaget har ocks\u00e5 bildat en h\u00e5llbarhetskommitt\u00e9 best\u00e5ende av personal och ledd av h\u00f6gsta ledningen, som samarbetar med medarbetarna och \u00f6kar medvetenheten om enskilda medarbetares \u00e5tg\u00e4rder.  <\/p>\n\n<p><strong>Ber\u00e4tta vilka klimat\u00e5tg\u00e4rder ni har vidtagit<\/strong><\/p>\n\n<p>Mikrof\u00f6retag som Enpro ger ov\u00e4rderliga insikter i hur sm\u00e5f\u00f6retag kan identifiera omr\u00e5den f\u00f6r insatser och b\u00f6rja vidta klimat\u00e5tg\u00e4rder. \u00c4r du intresserad av att dela med dig av din egen klimatresa f\u00f6r potentiell inkludering som f\u00f6retagsfokus? <a href=\"https:\/\/www.surveymonkey.com\/r\/5BJJ9QW\">Kontakta oss<\/a> . <\/p>\n\n<figure class=\"wp-block-image size-large\"><img loading=\"lazy\" decoding=\"async\" width=\"2803\" height=\"1820\" src=\"https:\/\/smeclimatehub.org\/wp-content\/uploads\/2023\/10\/5-1024x665.png\" alt=\"\" class=\"wp-image-19317\" srcset=\"https:\/\/smeclimatehub.org\/wp-content\/uploads\/2023\/10\/5-1024x665.png 1024w, https:\/\/smeclimatehub.org\/wp-content\/uploads\/2023\/10\/5-300x195.png 300w, https:\/\/smeclimatehub.org\/wp-content\/uploads\/2023\/10\/5-768x499.png 768w, https:\/\/smeclimatehub.org\/wp-content\/uploads\/2023\/10\/5-1536x997.png 1536w, https:\/\/smeclimatehub.org\/wp-content\/uploads\/2023\/10\/5-2048x1330.png 2048w\" sizes=\"auto, (max-width: 2803px) 100vw, 2803px\" \/><\/figure>\n","protected":false},"excerpt":{"rendered":"<p>Att vara ett litet f\u00f6retag har inte avskr\u00e4ckt Enpro fr\u00e5n att g\u00f6ra dj\u00e4rva, okonventionella val. Att utforska v\u00e4gar f\u00f6r klimat\u00e5tg\u00e4rder har \u00f6ppnat upp nya v\u00e4gar f\u00f6r f\u00f6retagets tillv\u00e4xt, och deras resa mot nettonollutsl\u00e4pp har varit sp\u00e4nnande. Deras r\u00e5d till sina konkurrenter \u00e4r enkla \u2013 b\u00f6rja med sm\u00e5 f\u00f6r\u00e4ndringar men b\u00f6rja minska utsl\u00e4ppen. (Sm\u00e5 och medelstora [&hellip;]<\/p>\n","protected":false},"author":10027,"featured_media":63081,"comment_status":"closed","ping_status":"closed","sticky":false,"template":"","format":"standard","meta":{"_acf_changed":false,"inline_featured_image":false,"footnotes":""},"categories":[169],"tags":[],"class_list":["post-86515","post","type-post","status-publish","format-standard","has-post-thumbnail","hentry","category-sme-sv"],"acf":[],"yoast_head":"<title>Enpro blir klimatledare inom den indiska tillverkningssektorn - SME Climate Hub<\/title>\n<meta name=\"robots\" content=\"index, follow, max-snippet:-1, max-image-preview:large, max-video-preview:-1\" \/>\n<link rel=\"canonical\" href=\"https:\/\/smeclimatehub.org\/sv\/enpro-blir-klimatledare-inom-den-indiska-tillverkningssektorn\/\" \/>\n<meta property=\"og:locale\" content=\"sv_SE\" \/>\n<meta property=\"og:type\" content=\"article\" \/>\n<meta property=\"og:title\" content=\"Enpro blir klimatledare inom den indiska tillverkningssektorn - SME Climate Hub\" \/>\n<meta property=\"og:description\" content=\"Att vara ett litet f\u00f6retag har inte avskr\u00e4ckt Enpro fr\u00e5n att g\u00f6ra dj\u00e4rva, okonventionella val. Att utforska v\u00e4gar f\u00f6r klimat\u00e5tg\u00e4rder har \u00f6ppnat upp nya v\u00e4gar f\u00f6r f\u00f6retagets tillv\u00e4xt, och deras resa mot nettonollutsl\u00e4pp har varit sp\u00e4nnande. Deras r\u00e5d till sina konkurrenter \u00e4r enkla \u2013 b\u00f6rja med sm\u00e5 f\u00f6r\u00e4ndringar men b\u00f6rja minska utsl\u00e4ppen. (Sm\u00e5 och medelstora [&hellip;]\" \/>\n<meta property=\"og:url\" content=\"https:\/\/smeclimatehub.org\/sv\/enpro-blir-klimatledare-inom-den-indiska-tillverkningssektorn\/\" \/>\n<meta property=\"og:site_name\" content=\"SME Climate Hub\" \/>\n<meta property=\"article:published_time\" content=\"2023-11-14T06:38:00+00:00\" \/>\n<meta property=\"article:modified_time\" content=\"2025-08-01T09:25:13+00:00\" \/>\n<meta property=\"og:image\" content=\"https:\/\/smeclimatehub.org\/wp-content\/uploads\/2023\/10\/5-1024x665.png\" \/>\n\t<meta property=\"og:image:width\" content=\"1024\" \/>\n\t<meta property=\"og:image:height\" content=\"665\" \/>\n\t<meta property=\"og:image:type\" content=\"image\/png\" \/>\n<meta name=\"author\" content=\"adel.eskic\" \/>\n<meta name=\"twitter:card\" content=\"summary_large_image\" \/>\n<meta name=\"twitter:label1\" content=\"Written by\" \/>\n\t<meta name=\"twitter:data1\" content=\"adel.eskic\" \/>\n\t<meta name=\"twitter:label2\" content=\"Est. reading time\" \/>\n\t<meta name=\"twitter:data2\" content=\"8 minuter\" \/>\n<script type=\"application\/ld+json\" class=\"yoast-schema-graph\">{\"@context\":\"https:\/\/schema.org\",\"@graph\":[{\"@type\":\"Article\",\"@id\":\"https:\/\/smeclimatehub.org\/sv\/enpro-blir-klimatledare-inom-den-indiska-tillverkningssektorn\/#article\",\"isPartOf\":{\"@id\":\"https:\/\/smeclimatehub.org\/sv\/enpro-blir-klimatledare-inom-den-indiska-tillverkningssektorn\/\"},\"author\":{\"name\":\"adel.eskic\",\"@id\":\"https:\/\/businessclimatehub.org\/es\/#\/schema\/person\/a892d1e3d11b36e9af66621ece50f6d1\"},\"headline\":\"Enpro blir klimatledare inom den indiska tillverkningssektorn\",\"datePublished\":\"2023-11-14T06:38:00+00:00\",\"dateModified\":\"2025-08-01T09:25:13+00:00\",\"mainEntityOfPage\":{\"@id\":\"https:\/\/smeclimatehub.org\/sv\/enpro-blir-klimatledare-inom-den-indiska-tillverkningssektorn\/\"},\"wordCount\":1550,\"publisher\":{\"@id\":\"https:\/\/businessclimatehub.org\/es\/#organization\"},\"image\":{\"@id\":\"https:\/\/smeclimatehub.org\/sv\/enpro-blir-klimatledare-inom-den-indiska-tillverkningssektorn\/#primaryimage\"},\"thumbnailUrl\":\"https:\/\/smeclimatehub.org\/wp-content\/uploads\/2023\/10\/5.png\",\"articleSection\":[\"SME Stories\"],\"inLanguage\":\"sv-SE\"},{\"@type\":\"WebPage\",\"@id\":\"https:\/\/smeclimatehub.org\/sv\/enpro-blir-klimatledare-inom-den-indiska-tillverkningssektorn\/\",\"url\":\"https:\/\/smeclimatehub.org\/sv\/enpro-blir-klimatledare-inom-den-indiska-tillverkningssektorn\/\",\"name\":\"Enpro blir klimatledare inom den indiska tillverkningssektorn - SME Climate Hub\",\"isPartOf\":{\"@id\":\"https:\/\/businessclimatehub.org\/es\/#website\"},\"primaryImageOfPage\":{\"@id\":\"https:\/\/smeclimatehub.org\/sv\/enpro-blir-klimatledare-inom-den-indiska-tillverkningssektorn\/#primaryimage\"},\"image\":{\"@id\":\"https:\/\/smeclimatehub.org\/sv\/enpro-blir-klimatledare-inom-den-indiska-tillverkningssektorn\/#primaryimage\"},\"thumbnailUrl\":\"https:\/\/smeclimatehub.org\/wp-content\/uploads\/2023\/10\/5.png\",\"datePublished\":\"2023-11-14T06:38:00+00:00\",\"dateModified\":\"2025-08-01T09:25:13+00:00\",\"breadcrumb\":{\"@id\":\"https:\/\/smeclimatehub.org\/sv\/enpro-blir-klimatledare-inom-den-indiska-tillverkningssektorn\/#breadcrumb\"},\"inLanguage\":\"sv-SE\",\"potentialAction\":[{\"@type\":\"ReadAction\",\"target\":[\"https:\/\/smeclimatehub.org\/sv\/enpro-blir-klimatledare-inom-den-indiska-tillverkningssektorn\/\"]}]},{\"@type\":\"ImageObject\",\"inLanguage\":\"sv-SE\",\"@id\":\"https:\/\/smeclimatehub.org\/sv\/enpro-blir-klimatledare-inom-den-indiska-tillverkningssektorn\/#primaryimage\",\"url\":\"https:\/\/smeclimatehub.org\/wp-content\/uploads\/2023\/10\/5.png\",\"contentUrl\":\"https:\/\/smeclimatehub.org\/wp-content\/uploads\/2023\/10\/5.png\",\"width\":2803,\"height\":1820},{\"@type\":\"BreadcrumbList\",\"@id\":\"https:\/\/smeclimatehub.org\/sv\/enpro-blir-klimatledare-inom-den-indiska-tillverkningssektorn\/#breadcrumb\",\"itemListElement\":[{\"@type\":\"ListItem\",\"position\":1,\"name\":\"Home\",\"item\":\"https:\/\/smeclimatehub.org\/sv\/\"},{\"@type\":\"ListItem\",\"position\":2,\"name\":\"Enpro blir klimatledare inom den indiska tillverkningssektorn\"}]},{\"@type\":\"WebSite\",\"@id\":\"https:\/\/businessclimatehub.org\/es\/#website\",\"url\":\"https:\/\/businessclimatehub.org\/es\/\",\"name\":\"SME Climate hub\",\"description\":\"\",\"publisher\":{\"@id\":\"https:\/\/businessclimatehub.org\/es\/#organization\"},\"potentialAction\":[{\"@type\":\"SearchAction\",\"target\":{\"@type\":\"EntryPoint\",\"urlTemplate\":\"https:\/\/businessclimatehub.org\/es\/?s={search_term_string}\"},\"query-input\":{\"@type\":\"PropertyValueSpecification\",\"valueRequired\":true,\"valueName\":\"search_term_string\"}}],\"inLanguage\":\"sv-SE\"},{\"@type\":\"Organization\",\"@id\":\"https:\/\/businessclimatehub.org\/es\/#organization\",\"name\":\"SME Climate hub\",\"url\":\"https:\/\/businessclimatehub.org\/es\/\",\"logo\":{\"@type\":\"ImageObject\",\"inLanguage\":\"sv-SE\",\"@id\":\"https:\/\/businessclimatehub.org\/es\/#\/schema\/logo\/image\/\",\"url\":\"https:\/\/smeclimatehub.org\/wp-content\/uploads\/2025\/03\/smeLogo-1.png\",\"contentUrl\":\"https:\/\/smeclimatehub.org\/wp-content\/uploads\/2025\/03\/smeLogo-1.png\",\"width\":465,\"height\":245,\"caption\":\"SME Climate hub\"},\"image\":{\"@id\":\"https:\/\/businessclimatehub.org\/es\/#\/schema\/logo\/image\/\"}},{\"@type\":\"Person\",\"@id\":\"https:\/\/businessclimatehub.org\/es\/#\/schema\/person\/a892d1e3d11b36e9af66621ece50f6d1\",\"name\":\"adel.eskic\",\"image\":{\"@type\":\"ImageObject\",\"inLanguage\":\"sv-SE\",\"@id\":\"https:\/\/businessclimatehub.org\/es\/#\/schema\/person\/image\/\",\"url\":\"https:\/\/secure.gravatar.com\/avatar\/c6d0600e135ce420973af3f30adcbef6b3fd43e864e4beed4a1efcafb74d504f?s=96&d=mm&r=g\",\"contentUrl\":\"https:\/\/secure.gravatar.com\/avatar\/c6d0600e135ce420973af3f30adcbef6b3fd43e864e4beed4a1efcafb74d504f?s=96&d=mm&r=g\",\"caption\":\"adel.eskic\"},\"sameAs\":[\"http:\/\/www.serious-fun.se\"],\"url\":\"https:\/\/smeclimatehub.org\/sv\/author\/adel-eskic\/\"}]}<\/script>","yoast_head_json":{"title":"Enpro blir klimatledare inom den indiska tillverkningssektorn - SME Climate Hub","robots":{"index":"index","follow":"follow","max-snippet":"max-snippet:-1","max-image-preview":"max-image-preview:large","max-video-preview":"max-video-preview:-1"},"canonical":"https:\/\/smeclimatehub.org\/sv\/enpro-blir-klimatledare-inom-den-indiska-tillverkningssektorn\/","og_locale":"sv_SE","og_type":"article","og_title":"Enpro blir klimatledare inom den indiska tillverkningssektorn - SME Climate Hub","og_description":"Att vara ett litet f\u00f6retag har inte avskr\u00e4ckt Enpro fr\u00e5n att g\u00f6ra dj\u00e4rva, okonventionella val. Att utforska v\u00e4gar f\u00f6r klimat\u00e5tg\u00e4rder har \u00f6ppnat upp nya v\u00e4gar f\u00f6r f\u00f6retagets tillv\u00e4xt, och deras resa mot nettonollutsl\u00e4pp har varit sp\u00e4nnande. Deras r\u00e5d till sina konkurrenter \u00e4r enkla \u2013 b\u00f6rja med sm\u00e5 f\u00f6r\u00e4ndringar men b\u00f6rja minska utsl\u00e4ppen. (Sm\u00e5 och medelstora [&hellip;]","og_url":"https:\/\/smeclimatehub.org\/sv\/enpro-blir-klimatledare-inom-den-indiska-tillverkningssektorn\/","og_site_name":"SME Climate Hub","article_published_time":"2023-11-14T06:38:00+00:00","article_modified_time":"2025-08-01T09:25:13+00:00","og_image":[{"width":1024,"height":665,"url":"https:\/\/smeclimatehub.org\/wp-content\/uploads\/2023\/10\/5-1024x665.png","type":"image\/png"}],"author":"adel.eskic","twitter_card":"summary_large_image","twitter_misc":{"Written by":"adel.eskic","Est. reading time":"8 minuter"},"schema":{"@context":"https:\/\/schema.org","@graph":[{"@type":"Article","@id":"https:\/\/smeclimatehub.org\/sv\/enpro-blir-klimatledare-inom-den-indiska-tillverkningssektorn\/#article","isPartOf":{"@id":"https:\/\/smeclimatehub.org\/sv\/enpro-blir-klimatledare-inom-den-indiska-tillverkningssektorn\/"},"author":{"name":"adel.eskic","@id":"https:\/\/businessclimatehub.org\/es\/#\/schema\/person\/a892d1e3d11b36e9af66621ece50f6d1"},"headline":"Enpro blir klimatledare inom den indiska tillverkningssektorn","datePublished":"2023-11-14T06:38:00+00:00","dateModified":"2025-08-01T09:25:13+00:00","mainEntityOfPage":{"@id":"https:\/\/smeclimatehub.org\/sv\/enpro-blir-klimatledare-inom-den-indiska-tillverkningssektorn\/"},"wordCount":1550,"publisher":{"@id":"https:\/\/businessclimatehub.org\/es\/#organization"},"image":{"@id":"https:\/\/smeclimatehub.org\/sv\/enpro-blir-klimatledare-inom-den-indiska-tillverkningssektorn\/#primaryimage"},"thumbnailUrl":"https:\/\/smeclimatehub.org\/wp-content\/uploads\/2023\/10\/5.png","articleSection":["SME Stories"],"inLanguage":"sv-SE"},{"@type":"WebPage","@id":"https:\/\/smeclimatehub.org\/sv\/enpro-blir-klimatledare-inom-den-indiska-tillverkningssektorn\/","url":"https:\/\/smeclimatehub.org\/sv\/enpro-blir-klimatledare-inom-den-indiska-tillverkningssektorn\/","name":"Enpro blir klimatledare inom den indiska tillverkningssektorn - SME Climate Hub","isPartOf":{"@id":"https:\/\/businessclimatehub.org\/es\/#website"},"primaryImageOfPage":{"@id":"https:\/\/smeclimatehub.org\/sv\/enpro-blir-klimatledare-inom-den-indiska-tillverkningssektorn\/#primaryimage"},"image":{"@id":"https:\/\/smeclimatehub.org\/sv\/enpro-blir-klimatledare-inom-den-indiska-tillverkningssektorn\/#primaryimage"},"thumbnailUrl":"https:\/\/smeclimatehub.org\/wp-content\/uploads\/2023\/10\/5.png","datePublished":"2023-11-14T06:38:00+00:00","dateModified":"2025-08-01T09:25:13+00:00","breadcrumb":{"@id":"https:\/\/smeclimatehub.org\/sv\/enpro-blir-klimatledare-inom-den-indiska-tillverkningssektorn\/#breadcrumb"},"inLanguage":"sv-SE","potentialAction":[{"@type":"ReadAction","target":["https:\/\/smeclimatehub.org\/sv\/enpro-blir-klimatledare-inom-den-indiska-tillverkningssektorn\/"]}]},{"@type":"ImageObject","inLanguage":"sv-SE","@id":"https:\/\/smeclimatehub.org\/sv\/enpro-blir-klimatledare-inom-den-indiska-tillverkningssektorn\/#primaryimage","url":"https:\/\/smeclimatehub.org\/wp-content\/uploads\/2023\/10\/5.png","contentUrl":"https:\/\/smeclimatehub.org\/wp-content\/uploads\/2023\/10\/5.png","width":2803,"height":1820},{"@type":"BreadcrumbList","@id":"https:\/\/smeclimatehub.org\/sv\/enpro-blir-klimatledare-inom-den-indiska-tillverkningssektorn\/#breadcrumb","itemListElement":[{"@type":"ListItem","position":1,"name":"Home","item":"https:\/\/smeclimatehub.org\/sv\/"},{"@type":"ListItem","position":2,"name":"Enpro blir klimatledare inom den indiska tillverkningssektorn"}]},{"@type":"WebSite","@id":"https:\/\/businessclimatehub.org\/es\/#website","url":"https:\/\/businessclimatehub.org\/es\/","name":"SME Climate hub","description":"","publisher":{"@id":"https:\/\/businessclimatehub.org\/es\/#organization"},"potentialAction":[{"@type":"SearchAction","target":{"@type":"EntryPoint","urlTemplate":"https:\/\/businessclimatehub.org\/es\/?s={search_term_string}"},"query-input":{"@type":"PropertyValueSpecification","valueRequired":true,"valueName":"search_term_string"}}],"inLanguage":"sv-SE"},{"@type":"Organization","@id":"https:\/\/businessclimatehub.org\/es\/#organization","name":"SME Climate hub","url":"https:\/\/businessclimatehub.org\/es\/","logo":{"@type":"ImageObject","inLanguage":"sv-SE","@id":"https:\/\/businessclimatehub.org\/es\/#\/schema\/logo\/image\/","url":"https:\/\/smeclimatehub.org\/wp-content\/uploads\/2025\/03\/smeLogo-1.png","contentUrl":"https:\/\/smeclimatehub.org\/wp-content\/uploads\/2025\/03\/smeLogo-1.png","width":465,"height":245,"caption":"SME Climate hub"},"image":{"@id":"https:\/\/businessclimatehub.org\/es\/#\/schema\/logo\/image\/"}},{"@type":"Person","@id":"https:\/\/businessclimatehub.org\/es\/#\/schema\/person\/a892d1e3d11b36e9af66621ece50f6d1","name":"adel.eskic","image":{"@type":"ImageObject","inLanguage":"sv-SE","@id":"https:\/\/businessclimatehub.org\/es\/#\/schema\/person\/image\/","url":"https:\/\/secure.gravatar.com\/avatar\/c6d0600e135ce420973af3f30adcbef6b3fd43e864e4beed4a1efcafb74d504f?s=96&d=mm&r=g","contentUrl":"https:\/\/secure.gravatar.com\/avatar\/c6d0600e135ce420973af3f30adcbef6b3fd43e864e4beed4a1efcafb74d504f?s=96&d=mm&r=g","caption":"adel.eskic"},"sameAs":["http:\/\/www.serious-fun.se"],"url":"https:\/\/smeclimatehub.org\/sv\/author\/adel-eskic\/"}]}},"_links":{"self":[{"href":"https:\/\/smeclimatehub.org\/sv\/wp-json\/wp\/v2\/posts\/86515","targetHints":{"allow":["GET"]}}],"collection":[{"href":"https:\/\/smeclimatehub.org\/sv\/wp-json\/wp\/v2\/posts"}],"about":[{"href":"https:\/\/smeclimatehub.org\/sv\/wp-json\/wp\/v2\/types\/post"}],"author":[{"embeddable":true,"href":"https:\/\/smeclimatehub.org\/sv\/wp-json\/wp\/v2\/users\/10027"}],"replies":[{"embeddable":true,"href":"https:\/\/smeclimatehub.org\/sv\/wp-json\/wp\/v2\/comments?post=86515"}],"version-history":[{"count":0,"href":"https:\/\/smeclimatehub.org\/sv\/wp-json\/wp\/v2\/posts\/86515\/revisions"}],"wp:featuredmedia":[{"embeddable":true,"href":"https:\/\/smeclimatehub.org\/sv\/wp-json\/wp\/v2\/media\/63081"}],"wp:attachment":[{"href":"https:\/\/smeclimatehub.org\/sv\/wp-json\/wp\/v2\/media?parent=86515"}],"wp:term":[{"taxonomy":"category","embeddable":true,"href":"https:\/\/smeclimatehub.org\/sv\/wp-json\/wp\/v2\/categories?post=86515"},{"taxonomy":"post_tag","embeddable":true,"href":"https:\/\/smeclimatehub.org\/sv\/wp-json\/wp\/v2\/tags?post=86515"}],"curies":[{"name":"wp","href":"https:\/\/api.w.org\/{rel}","templated":true}]}}