
{"id":86517,"date":"2023-11-12T19:42:00","date_gmt":"2023-11-12T18:42:00","guid":{"rendered":"https:\/\/smeclimatehub.org\/vishisht-lifestyle-satter-klimatatgarder-i-centrum-for-sin-hudvardslinje\/"},"modified":"2025-08-01T10:25:47","modified_gmt":"2025-08-01T09:25:47","slug":"vishisht-lifestyle-satter-klimatatgarder-i-centrum-for-sin-hudvardslinje","status":"publish","type":"post","link":"https:\/\/smeclimatehub.org\/sv\/vishisht-lifestyle-satter-klimatatgarder-i-centrum-for-sin-hudvardslinje\/","title":{"rendered":"Vishisht Lifestyle s\u00e4tter klimat\u00e5tg\u00e4rder i centrum f\u00f6r sin hudv\u00e5rdslinje"},"content":{"rendered":"\n<p><strong>Med sina helt naturliga och milj\u00f6v\u00e4nliga hudv\u00e5rdsprodukter har det lilla f\u00f6retaget fr\u00e5n Bangalore skapat en nisch f\u00f6r sig sj\u00e4lv. F\u00f6retaget har byggt upp en lojal kundbas, f\u00e5tt flera utm\u00e4rkelser och expanderar nu sin marknad till olika regioner \u00f6ver hela v\u00e4rlden genom att hitta innovativa metoder f\u00f6r att minska sina utsl\u00e4pp. <\/strong><\/p>\n\n<p><em>(Sm\u00e5 och medelstora f\u00f6retag som arbetar f\u00f6r att minska sina utsl\u00e4pp och bli mer h\u00e5llbara kan kickstarta sin klimatresa genom att g\u00f6ra klimat\u00e5tagandet f\u00f6r sm\u00e5 och medelstora f\u00f6retag.<\/em> <a href=\"https:\/\/smeclimatehub.org\/sv\/engagemang\/\" target=\"_blank\" rel=\"noreferrer noopener\"><em>L\u00e4s mer h\u00e4r<\/em><\/a> <em>.)<\/em><\/p>\n<div class=\"wp-block-image\">\n<figure class=\"aligncenter size-full\"><img loading=\"lazy\" decoding=\"async\" width=\"640\" height=\"800\" src=\"https:\/\/smeclimatehub.org\/wp-content\/uploads\/2023\/10\/1-2.jpg\" alt=\"\" class=\"wp-image-19321\" srcset=\"https:\/\/smeclimatehub.org\/wp-content\/uploads\/2023\/10\/1-2.jpg 640w, https:\/\/smeclimatehub.org\/wp-content\/uploads\/2023\/10\/1-2-240x300.jpg 240w\" sizes=\"auto, (max-width: 640px) 100vw, 640px\" \/><\/figure><\/div>\n<p>Vishisht Lifestyle grundades 2018 och \u00e4r ett milj\u00f6v\u00e4nligt litet f\u00f6retag som erbjuder hudv\u00e5rdsprodukter tillverkade med naturliga ingredienser. Varum\u00e4rket har v\u00e4vt in klimat\u00e5tg\u00e4rder i sitt uppdrag, i enlighet med v\u00e5rt gemensamma ansvar f\u00f6r utsl\u00e4ppsminskningar och det v\u00e4xande behovet f\u00f6r f\u00f6retag att tillgodose alltmer medvetna kunder. F\u00f6rutom att erbjuda ett utbud av naturliga och cruelty-free-produkter anv\u00e4nder Vishisht h\u00e5llbara f\u00f6rpackningar f\u00f6r alla sina produkter f\u00f6r att ytterligare minska sitt utsl\u00e4ppsavtryck.  <\/p>\n\n<p>Vishisht Lifestyle gick med i SME Climate Hub i b\u00f6rjan av 2023. Grundaren Namrata Aggarwal anser att hubben starkt st\u00e4mmer \u00f6verens med f\u00f6retagets v\u00e4gledande filosofi. Hon konstaterar: \u201dVi gjorde SME Climate Commitment f\u00f6r att delta i Race to Net Zero. Verktygen och informationen p\u00e5 hubben \u00e4r verkligen informativa och hj\u00e4lper oss att utvecklas i r\u00e4tt riktning. Jag uppskattar v\u00e4gledningen och har implementerat flera \u00e5tg\u00e4rder baserade p\u00e5 den kunskap som jag f\u00e5tt fr\u00e5n hubben. Jag hoppas kunna l\u00e4ra mig mer om initiativ fr\u00e5n andra sm\u00e5 och medelstora f\u00f6retag runt om i v\u00e4rlden, n\u00e4tverka med likasinnade organisationer och utforska rapporteringsverktyget f\u00f6r att f\u00f6lja Vishishts framsteg med sitt \u00e5tagande.\u201d  <\/p>\n\n<p><strong>Vidta meningsfulla \u00e5tg\u00e4rder<\/strong><\/p>\n\n<p>\u00c4ven om ingredienserna som anv\u00e4nds f\u00f6r att tillverka Vishishts produkter \u00e4r helt naturliga, har f\u00f6retaget identifierat f\u00f6rpackningar och produktleveranser som tv\u00e5 viktiga utsl\u00e4ppsk\u00e4llor.<\/p>\n\n<p>\u00c4ven om f\u00f6retaget best\u00e4mde sig f\u00f6r att s\u00e4lja sina produkter i glasburkar fr\u00e5n b\u00f6rjan, tog det lite tid att identifiera inhemska leverant\u00f6rer som kunde uppfylla varum\u00e4rkenas kriterier f\u00f6r h\u00e5llbara och \u00e5tervinningsbara f\u00f6rpackningar. Sedan 2020 har Vishisht s\u00e5lt sina produkter i plastfria och h\u00e5llbara f\u00f6rpackningar. <\/p>\n<div class=\"wp-block-image\">\n<figure class=\"aligncenter size-full\"><img loading=\"lazy\" decoding=\"async\" width=\"600\" height=\"600\" src=\"https:\/\/smeclimatehub.org\/wp-content\/uploads\/2023\/10\/2.jpeg\" alt=\"\" class=\"wp-image-19322\" srcset=\"https:\/\/smeclimatehub.org\/wp-content\/uploads\/2023\/10\/2.jpeg 600w, https:\/\/smeclimatehub.org\/wp-content\/uploads\/2023\/10\/2-300x300.jpeg 300w, https:\/\/smeclimatehub.org\/wp-content\/uploads\/2023\/10\/2-150x150.jpeg 150w\" sizes=\"auto, (max-width: 600px) 100vw, 600px\" \/><\/figure><\/div>\n<p>Dessutom erbjuder f\u00f6retaget en returpolicy f\u00f6r sina glasburkar och f\u00f6rpackningsmaterial, vilket g\u00f6r deras leveranser potentiellt noll avfall. Vishisht uppmuntrar faktiskt denna process genom att erbjuda konsumenterna en betydande rabatt p\u00e5 deras n\u00e4sta k\u00f6p, f\u00f6r varje tom burk och f\u00f6rpackningsmaterial som returneras till dem. <\/p>\n\n<p>Vishisht har ett partnerskap f\u00f6r att kompensera f\u00f6r koldioxidutsl\u00e4pp som skapas av leveranser. Man unders\u00f6ker ocks\u00e5 m\u00f6jligheten att inleda ett samarbete f\u00f6r att aktivt delta i tr\u00e4dplanteringsinitiativ.   <\/p>\n\n<p>F\u00f6retaget uppskattar att de under en tre\u00e5rsperiod (fr\u00e5n b\u00f6rjan av 2020 till slutet av 2022) inte bara har minskat 5400 kg koldioxid, vilket \u00e4r ungef\u00e4r j\u00e4mf\u00f6rbart med koldioxidlagringen av cirka 2,4 hektar skog p\u00e5 ett \u00e5r, utan ocks\u00e5 avlett \u00f6ver 100 kg plast fr\u00e5n hav och soptippar, samt \u00e5tervunnit och \u00e5teranv\u00e4nt \u00f6ver hundra glasburkar.<\/p>\n\n<p><strong>Utmaningar och m\u00f6jligheter p\u00e5 v\u00e4gen mot klimat\u00e5tg\u00e4rder<\/strong><\/p>\n\n<p>En av f\u00f6retagets tidiga utmaningar var att hantera de initiala kostnaderna vid \u00f6verg\u00e5ngen till h\u00e5llbara leverant\u00f6rer av f\u00f6rpackningar. Namrata noterade att \u00e4ven om f\u00f6retagets vinstmarginal f\u00f6r\u00e4ndrades n\u00e5got, s\u00e5 f\u00f6r\u00e4ndrade inte denna f\u00f6r\u00e4ndring f\u00f6retagets resultat i grunden p\u00e5 grund av Vishishts v\u00e4xande ordervolym. <\/p>\n\n<p>Vishisht identifierar ocks\u00e5 utsl\u00e4ppen i sin leveranskedja som ett potentiellt omr\u00e5de f\u00f6r ytterligare \u00e5tg\u00e4rder. \u00c4ven om \u00e5tg\u00e4rder finns p\u00e5 plats f\u00f6r att minimera f\u00f6retagets egna utsl\u00e4pp har det funnits liten kontroll \u00f6ver utsl\u00e4ppen fr\u00e5n sina leverant\u00f6rer. F\u00f6r att motverka detta v\u00e4ljer Vishisht andra milj\u00f6medvetna f\u00f6retag som sina leverant\u00f6rer. Faktum \u00e4r att 50 % av deras leveranskedja nu erbjuder h\u00e5llbara produktl\u00f6sningar eller \u00f6verv\u00e4ger att minimera sina utsl\u00e4pp.<br\/> Namrata anser att behovet av gemensamma \u00e5tg\u00e4rder f\u00f6r att bek\u00e4mpa klimatf\u00f6r\u00e4ndringarna aldrig har varit st\u00f6rre. \u201dJag hoppas att fler mikrof\u00f6retag och sm\u00e5 och medelstora f\u00f6retag kommer att p\u00e5b\u00f6rja sin resa mot att minska sina koldioxidutsl\u00e4pp. Jag uppmuntrar mina kollegor och andra mikrof\u00f6retag att g\u00e5 med i SME Climate Hub eftersom det kommer att ge dem den kunskap de beh\u00f6ver f\u00f6r att vara mer konkurrenskraftiga och framtidsberedda inf\u00f6r de oundvikliga hoten fr\u00e5n klimatf\u00f6r\u00e4ndringarna.\u201d     <\/p>\n\n<p><strong>Hur klimat\u00e5tg\u00e4rder har m\u00f6jliggjort tillv\u00e4xt<\/strong><\/p>\n\n<p>Genom att stadigt minska sitt milj\u00f6avtryck och arbeta mot att uppfylla SME Climate Commitment har Vishisht strategiskt positionerat sig som marknadsledare genom att specialisera sig p\u00e5 naturliga och h\u00e5llbara produkter. Kundbasen inkluderar unga yrkesverksamma s\u00e5v\u00e4l som engagerade milj\u00f6- och h\u00e4lsomedvetna k\u00f6pare. <\/p>\n\n<p>F\u00f6retaget har ocks\u00e5 vunnit flera utm\u00e4rkelser p\u00e5 kort tid. N\u00e5gra av dessa inkluderar: <\/p>\n\n<ul class=\"wp-block-list\">\n<li>tilldelas Facebooks sm\u00e5f\u00f6retagsbidragsprogram,<\/li>\n\n\n\n<li>att bli placerad bland de 500 b\u00e4sta startupf\u00f6retagen i Sydasien i Innopreneur Startup-t\u00e4vlingen och<\/li>\n\n\n\n<li>placeras bland de 10 mest lovande f\u00f6retagen f\u00f6r ekologisk personlig v\u00e5rd i Indien av Silicon India.<\/li>\n<\/ul>\n\n<p>Namrata anser att det finns ett omedelbart behov av att \u00f6verg\u00e5 till h\u00e5llbara val och livsstilar, och att det \u00e4r dags att agera nu. \u201dIdag inser s\u00e5 m\u00e5nga konsumenter hur viktigt det \u00e4r att v\u00e4lja h\u00e4lsosamma och ekologiska produkter. Vi befinner oss mitt i en enorm m\u00f6jlighet f\u00f6r h\u00e5llbara produkter, och Vishisht tillgodoser detta behov.\u201d <\/p>\n\n<p><strong>Ber\u00e4tta vilka klimat\u00e5tg\u00e4rder ni har vidtagit<\/strong><\/p>\n\n<p>Mikrof\u00f6retag som Vishisht Lifestyle ger ov\u00e4rderliga insikter i hur sm\u00e5f\u00f6retag kan identifiera omr\u00e5den f\u00f6r ingripande och b\u00f6rja vidta klimat\u00e5tg\u00e4rder. \u00c4r du intresserad av att dela med dig av din egen klimatresa f\u00f6r potentiell inkludering som f\u00f6retag i rampljuset? <a href=\"https:\/\/www.surveymonkey.com\/r\/5BJJ9QW\">Kontakta oss<\/a> . <\/p>\n","protected":false},"excerpt":{"rendered":"<p>Med sina helt naturliga och milj\u00f6v\u00e4nliga hudv\u00e5rdsprodukter har det lilla f\u00f6retaget fr\u00e5n Bangalore skapat en nisch f\u00f6r sig sj\u00e4lv. F\u00f6retaget har byggt upp en lojal kundbas, f\u00e5tt flera utm\u00e4rkelser och expanderar nu sin marknad till olika regioner \u00f6ver hela v\u00e4rlden genom att hitta innovativa metoder f\u00f6r att minska sina utsl\u00e4pp. (Sm\u00e5 och medelstora f\u00f6retag som [&hellip;]<\/p>\n","protected":false},"author":10027,"featured_media":63090,"comment_status":"closed","ping_status":"closed","sticky":false,"template":"","format":"standard","meta":{"_acf_changed":false,"inline_featured_image":false,"footnotes":""},"categories":[169],"tags":[],"class_list":["post-86517","post","type-post","status-publish","format-standard","has-post-thumbnail","hentry","category-sme-sv"],"acf":[],"yoast_head":"<title>Vishisht Lifestyle s\u00e4tter klimat\u00e5tg\u00e4rder i centrum f\u00f6r sin hudv\u00e5rdslinje - SME Climate Hub<\/title>\n<meta name=\"robots\" content=\"index, follow, max-snippet:-1, max-image-preview:large, max-video-preview:-1\" \/>\n<link rel=\"canonical\" href=\"https:\/\/smeclimatehub.org\/sv\/vishisht-lifestyle-satter-klimatatgarder-i-centrum-for-sin-hudvardslinje\/\" \/>\n<meta property=\"og:locale\" content=\"sv_SE\" \/>\n<meta property=\"og:type\" content=\"article\" \/>\n<meta property=\"og:title\" content=\"Vishisht Lifestyle s\u00e4tter klimat\u00e5tg\u00e4rder i centrum f\u00f6r sin hudv\u00e5rdslinje - SME Climate Hub\" \/>\n<meta property=\"og:description\" content=\"Med sina helt naturliga och milj\u00f6v\u00e4nliga hudv\u00e5rdsprodukter har det lilla f\u00f6retaget fr\u00e5n Bangalore skapat en nisch f\u00f6r sig sj\u00e4lv. F\u00f6retaget har byggt upp en lojal kundbas, f\u00e5tt flera utm\u00e4rkelser och expanderar nu sin marknad till olika regioner \u00f6ver hela v\u00e4rlden genom att hitta innovativa metoder f\u00f6r att minska sina utsl\u00e4pp. (Sm\u00e5 och medelstora f\u00f6retag som [&hellip;]\" \/>\n<meta property=\"og:url\" content=\"https:\/\/smeclimatehub.org\/sv\/vishisht-lifestyle-satter-klimatatgarder-i-centrum-for-sin-hudvardslinje\/\" \/>\n<meta property=\"og:site_name\" content=\"SME Climate Hub\" \/>\n<meta property=\"article:published_time\" content=\"2023-11-12T18:42:00+00:00\" \/>\n<meta property=\"article:modified_time\" content=\"2025-08-01T09:25:47+00:00\" \/>\n<meta property=\"og:image\" content=\"https:\/\/smeclimatehub.org\/wp-content\/uploads\/2023\/10\/2.jpeg\" \/>\n\t<meta property=\"og:image:width\" content=\"600\" \/>\n\t<meta property=\"og:image:height\" content=\"600\" \/>\n\t<meta property=\"og:image:type\" content=\"image\/jpeg\" \/>\n<meta name=\"author\" content=\"adel.eskic\" \/>\n<meta name=\"twitter:card\" content=\"summary_large_image\" \/>\n<meta name=\"twitter:label1\" content=\"Written by\" \/>\n\t<meta name=\"twitter:data1\" content=\"adel.eskic\" \/>\n\t<meta name=\"twitter:label2\" content=\"Est. reading time\" \/>\n\t<meta name=\"twitter:data2\" content=\"5 minuter\" \/>\n<script type=\"application\/ld+json\" class=\"yoast-schema-graph\">{\"@context\":\"https:\/\/schema.org\",\"@graph\":[{\"@type\":\"Article\",\"@id\":\"https:\/\/smeclimatehub.org\/sv\/vishisht-lifestyle-satter-klimatatgarder-i-centrum-for-sin-hudvardslinje\/#article\",\"isPartOf\":{\"@id\":\"https:\/\/smeclimatehub.org\/sv\/vishisht-lifestyle-satter-klimatatgarder-i-centrum-for-sin-hudvardslinje\/\"},\"author\":{\"name\":\"adel.eskic\",\"@id\":\"https:\/\/businessclimatehub.org\/es\/#\/schema\/person\/a892d1e3d11b36e9af66621ece50f6d1\"},\"headline\":\"Vishisht Lifestyle s\u00e4tter klimat\u00e5tg\u00e4rder i centrum f\u00f6r sin hudv\u00e5rdslinje\",\"datePublished\":\"2023-11-12T18:42:00+00:00\",\"dateModified\":\"2025-08-01T09:25:47+00:00\",\"mainEntityOfPage\":{\"@id\":\"https:\/\/smeclimatehub.org\/sv\/vishisht-lifestyle-satter-klimatatgarder-i-centrum-for-sin-hudvardslinje\/\"},\"wordCount\":1037,\"publisher\":{\"@id\":\"https:\/\/businessclimatehub.org\/es\/#organization\"},\"image\":{\"@id\":\"https:\/\/smeclimatehub.org\/sv\/vishisht-lifestyle-satter-klimatatgarder-i-centrum-for-sin-hudvardslinje\/#primaryimage\"},\"thumbnailUrl\":\"https:\/\/smeclimatehub.org\/wp-content\/uploads\/2023\/10\/2.jpeg\",\"articleSection\":[\"SME Stories\"],\"inLanguage\":\"sv-SE\"},{\"@type\":\"WebPage\",\"@id\":\"https:\/\/smeclimatehub.org\/sv\/vishisht-lifestyle-satter-klimatatgarder-i-centrum-for-sin-hudvardslinje\/\",\"url\":\"https:\/\/smeclimatehub.org\/sv\/vishisht-lifestyle-satter-klimatatgarder-i-centrum-for-sin-hudvardslinje\/\",\"name\":\"Vishisht Lifestyle s\u00e4tter klimat\u00e5tg\u00e4rder i centrum f\u00f6r sin hudv\u00e5rdslinje - SME Climate Hub\",\"isPartOf\":{\"@id\":\"https:\/\/businessclimatehub.org\/es\/#website\"},\"primaryImageOfPage\":{\"@id\":\"https:\/\/smeclimatehub.org\/sv\/vishisht-lifestyle-satter-klimatatgarder-i-centrum-for-sin-hudvardslinje\/#primaryimage\"},\"image\":{\"@id\":\"https:\/\/smeclimatehub.org\/sv\/vishisht-lifestyle-satter-klimatatgarder-i-centrum-for-sin-hudvardslinje\/#primaryimage\"},\"thumbnailUrl\":\"https:\/\/smeclimatehub.org\/wp-content\/uploads\/2023\/10\/2.jpeg\",\"datePublished\":\"2023-11-12T18:42:00+00:00\",\"dateModified\":\"2025-08-01T09:25:47+00:00\",\"breadcrumb\":{\"@id\":\"https:\/\/smeclimatehub.org\/sv\/vishisht-lifestyle-satter-klimatatgarder-i-centrum-for-sin-hudvardslinje\/#breadcrumb\"},\"inLanguage\":\"sv-SE\",\"potentialAction\":[{\"@type\":\"ReadAction\",\"target\":[\"https:\/\/smeclimatehub.org\/sv\/vishisht-lifestyle-satter-klimatatgarder-i-centrum-for-sin-hudvardslinje\/\"]}]},{\"@type\":\"ImageObject\",\"inLanguage\":\"sv-SE\",\"@id\":\"https:\/\/smeclimatehub.org\/sv\/vishisht-lifestyle-satter-klimatatgarder-i-centrum-for-sin-hudvardslinje\/#primaryimage\",\"url\":\"https:\/\/smeclimatehub.org\/wp-content\/uploads\/2023\/10\/2.jpeg\",\"contentUrl\":\"https:\/\/smeclimatehub.org\/wp-content\/uploads\/2023\/10\/2.jpeg\",\"width\":600,\"height\":600},{\"@type\":\"BreadcrumbList\",\"@id\":\"https:\/\/smeclimatehub.org\/sv\/vishisht-lifestyle-satter-klimatatgarder-i-centrum-for-sin-hudvardslinje\/#breadcrumb\",\"itemListElement\":[{\"@type\":\"ListItem\",\"position\":1,\"name\":\"Home\",\"item\":\"https:\/\/smeclimatehub.org\/sv\/\"},{\"@type\":\"ListItem\",\"position\":2,\"name\":\"Vishisht Lifestyle s\u00e4tter klimat\u00e5tg\u00e4rder i centrum f\u00f6r sin hudv\u00e5rdslinje\"}]},{\"@type\":\"WebSite\",\"@id\":\"https:\/\/businessclimatehub.org\/es\/#website\",\"url\":\"https:\/\/businessclimatehub.org\/es\/\",\"name\":\"SME Climate hub\",\"description\":\"\",\"publisher\":{\"@id\":\"https:\/\/businessclimatehub.org\/es\/#organization\"},\"potentialAction\":[{\"@type\":\"SearchAction\",\"target\":{\"@type\":\"EntryPoint\",\"urlTemplate\":\"https:\/\/businessclimatehub.org\/es\/?s={search_term_string}\"},\"query-input\":{\"@type\":\"PropertyValueSpecification\",\"valueRequired\":true,\"valueName\":\"search_term_string\"}}],\"inLanguage\":\"sv-SE\"},{\"@type\":\"Organization\",\"@id\":\"https:\/\/businessclimatehub.org\/es\/#organization\",\"name\":\"SME Climate hub\",\"url\":\"https:\/\/businessclimatehub.org\/es\/\",\"logo\":{\"@type\":\"ImageObject\",\"inLanguage\":\"sv-SE\",\"@id\":\"https:\/\/businessclimatehub.org\/es\/#\/schema\/logo\/image\/\",\"url\":\"https:\/\/smeclimatehub.org\/wp-content\/uploads\/2025\/03\/smeLogo-1.png\",\"contentUrl\":\"https:\/\/smeclimatehub.org\/wp-content\/uploads\/2025\/03\/smeLogo-1.png\",\"width\":465,\"height\":245,\"caption\":\"SME Climate hub\"},\"image\":{\"@id\":\"https:\/\/businessclimatehub.org\/es\/#\/schema\/logo\/image\/\"}},{\"@type\":\"Person\",\"@id\":\"https:\/\/businessclimatehub.org\/es\/#\/schema\/person\/a892d1e3d11b36e9af66621ece50f6d1\",\"name\":\"adel.eskic\",\"image\":{\"@type\":\"ImageObject\",\"inLanguage\":\"sv-SE\",\"@id\":\"https:\/\/businessclimatehub.org\/es\/#\/schema\/person\/image\/\",\"url\":\"https:\/\/secure.gravatar.com\/avatar\/c6d0600e135ce420973af3f30adcbef6b3fd43e864e4beed4a1efcafb74d504f?s=96&d=mm&r=g\",\"contentUrl\":\"https:\/\/secure.gravatar.com\/avatar\/c6d0600e135ce420973af3f30adcbef6b3fd43e864e4beed4a1efcafb74d504f?s=96&d=mm&r=g\",\"caption\":\"adel.eskic\"},\"sameAs\":[\"http:\/\/www.serious-fun.se\"],\"url\":\"https:\/\/smeclimatehub.org\/sv\/author\/adel-eskic\/\"}]}<\/script>","yoast_head_json":{"title":"Vishisht Lifestyle s\u00e4tter klimat\u00e5tg\u00e4rder i centrum f\u00f6r sin hudv\u00e5rdslinje - SME Climate Hub","robots":{"index":"index","follow":"follow","max-snippet":"max-snippet:-1","max-image-preview":"max-image-preview:large","max-video-preview":"max-video-preview:-1"},"canonical":"https:\/\/smeclimatehub.org\/sv\/vishisht-lifestyle-satter-klimatatgarder-i-centrum-for-sin-hudvardslinje\/","og_locale":"sv_SE","og_type":"article","og_title":"Vishisht Lifestyle s\u00e4tter klimat\u00e5tg\u00e4rder i centrum f\u00f6r sin hudv\u00e5rdslinje - SME Climate Hub","og_description":"Med sina helt naturliga och milj\u00f6v\u00e4nliga hudv\u00e5rdsprodukter har det lilla f\u00f6retaget fr\u00e5n Bangalore skapat en nisch f\u00f6r sig sj\u00e4lv. F\u00f6retaget har byggt upp en lojal kundbas, f\u00e5tt flera utm\u00e4rkelser och expanderar nu sin marknad till olika regioner \u00f6ver hela v\u00e4rlden genom att hitta innovativa metoder f\u00f6r att minska sina utsl\u00e4pp. (Sm\u00e5 och medelstora f\u00f6retag som [&hellip;]","og_url":"https:\/\/smeclimatehub.org\/sv\/vishisht-lifestyle-satter-klimatatgarder-i-centrum-for-sin-hudvardslinje\/","og_site_name":"SME Climate Hub","article_published_time":"2023-11-12T18:42:00+00:00","article_modified_time":"2025-08-01T09:25:47+00:00","og_image":[{"width":600,"height":600,"url":"https:\/\/smeclimatehub.org\/wp-content\/uploads\/2023\/10\/2.jpeg","type":"image\/jpeg"}],"author":"adel.eskic","twitter_card":"summary_large_image","twitter_misc":{"Written by":"adel.eskic","Est. reading time":"5 minuter"},"schema":{"@context":"https:\/\/schema.org","@graph":[{"@type":"Article","@id":"https:\/\/smeclimatehub.org\/sv\/vishisht-lifestyle-satter-klimatatgarder-i-centrum-for-sin-hudvardslinje\/#article","isPartOf":{"@id":"https:\/\/smeclimatehub.org\/sv\/vishisht-lifestyle-satter-klimatatgarder-i-centrum-for-sin-hudvardslinje\/"},"author":{"name":"adel.eskic","@id":"https:\/\/businessclimatehub.org\/es\/#\/schema\/person\/a892d1e3d11b36e9af66621ece50f6d1"},"headline":"Vishisht Lifestyle s\u00e4tter klimat\u00e5tg\u00e4rder i centrum f\u00f6r sin hudv\u00e5rdslinje","datePublished":"2023-11-12T18:42:00+00:00","dateModified":"2025-08-01T09:25:47+00:00","mainEntityOfPage":{"@id":"https:\/\/smeclimatehub.org\/sv\/vishisht-lifestyle-satter-klimatatgarder-i-centrum-for-sin-hudvardslinje\/"},"wordCount":1037,"publisher":{"@id":"https:\/\/businessclimatehub.org\/es\/#organization"},"image":{"@id":"https:\/\/smeclimatehub.org\/sv\/vishisht-lifestyle-satter-klimatatgarder-i-centrum-for-sin-hudvardslinje\/#primaryimage"},"thumbnailUrl":"https:\/\/smeclimatehub.org\/wp-content\/uploads\/2023\/10\/2.jpeg","articleSection":["SME Stories"],"inLanguage":"sv-SE"},{"@type":"WebPage","@id":"https:\/\/smeclimatehub.org\/sv\/vishisht-lifestyle-satter-klimatatgarder-i-centrum-for-sin-hudvardslinje\/","url":"https:\/\/smeclimatehub.org\/sv\/vishisht-lifestyle-satter-klimatatgarder-i-centrum-for-sin-hudvardslinje\/","name":"Vishisht Lifestyle s\u00e4tter klimat\u00e5tg\u00e4rder i centrum f\u00f6r sin hudv\u00e5rdslinje - SME Climate Hub","isPartOf":{"@id":"https:\/\/businessclimatehub.org\/es\/#website"},"primaryImageOfPage":{"@id":"https:\/\/smeclimatehub.org\/sv\/vishisht-lifestyle-satter-klimatatgarder-i-centrum-for-sin-hudvardslinje\/#primaryimage"},"image":{"@id":"https:\/\/smeclimatehub.org\/sv\/vishisht-lifestyle-satter-klimatatgarder-i-centrum-for-sin-hudvardslinje\/#primaryimage"},"thumbnailUrl":"https:\/\/smeclimatehub.org\/wp-content\/uploads\/2023\/10\/2.jpeg","datePublished":"2023-11-12T18:42:00+00:00","dateModified":"2025-08-01T09:25:47+00:00","breadcrumb":{"@id":"https:\/\/smeclimatehub.org\/sv\/vishisht-lifestyle-satter-klimatatgarder-i-centrum-for-sin-hudvardslinje\/#breadcrumb"},"inLanguage":"sv-SE","potentialAction":[{"@type":"ReadAction","target":["https:\/\/smeclimatehub.org\/sv\/vishisht-lifestyle-satter-klimatatgarder-i-centrum-for-sin-hudvardslinje\/"]}]},{"@type":"ImageObject","inLanguage":"sv-SE","@id":"https:\/\/smeclimatehub.org\/sv\/vishisht-lifestyle-satter-klimatatgarder-i-centrum-for-sin-hudvardslinje\/#primaryimage","url":"https:\/\/smeclimatehub.org\/wp-content\/uploads\/2023\/10\/2.jpeg","contentUrl":"https:\/\/smeclimatehub.org\/wp-content\/uploads\/2023\/10\/2.jpeg","width":600,"height":600},{"@type":"BreadcrumbList","@id":"https:\/\/smeclimatehub.org\/sv\/vishisht-lifestyle-satter-klimatatgarder-i-centrum-for-sin-hudvardslinje\/#breadcrumb","itemListElement":[{"@type":"ListItem","position":1,"name":"Home","item":"https:\/\/smeclimatehub.org\/sv\/"},{"@type":"ListItem","position":2,"name":"Vishisht Lifestyle s\u00e4tter klimat\u00e5tg\u00e4rder i centrum f\u00f6r sin hudv\u00e5rdslinje"}]},{"@type":"WebSite","@id":"https:\/\/businessclimatehub.org\/es\/#website","url":"https:\/\/businessclimatehub.org\/es\/","name":"SME Climate hub","description":"","publisher":{"@id":"https:\/\/businessclimatehub.org\/es\/#organization"},"potentialAction":[{"@type":"SearchAction","target":{"@type":"EntryPoint","urlTemplate":"https:\/\/businessclimatehub.org\/es\/?s={search_term_string}"},"query-input":{"@type":"PropertyValueSpecification","valueRequired":true,"valueName":"search_term_string"}}],"inLanguage":"sv-SE"},{"@type":"Organization","@id":"https:\/\/businessclimatehub.org\/es\/#organization","name":"SME Climate hub","url":"https:\/\/businessclimatehub.org\/es\/","logo":{"@type":"ImageObject","inLanguage":"sv-SE","@id":"https:\/\/businessclimatehub.org\/es\/#\/schema\/logo\/image\/","url":"https:\/\/smeclimatehub.org\/wp-content\/uploads\/2025\/03\/smeLogo-1.png","contentUrl":"https:\/\/smeclimatehub.org\/wp-content\/uploads\/2025\/03\/smeLogo-1.png","width":465,"height":245,"caption":"SME Climate hub"},"image":{"@id":"https:\/\/businessclimatehub.org\/es\/#\/schema\/logo\/image\/"}},{"@type":"Person","@id":"https:\/\/businessclimatehub.org\/es\/#\/schema\/person\/a892d1e3d11b36e9af66621ece50f6d1","name":"adel.eskic","image":{"@type":"ImageObject","inLanguage":"sv-SE","@id":"https:\/\/businessclimatehub.org\/es\/#\/schema\/person\/image\/","url":"https:\/\/secure.gravatar.com\/avatar\/c6d0600e135ce420973af3f30adcbef6b3fd43e864e4beed4a1efcafb74d504f?s=96&d=mm&r=g","contentUrl":"https:\/\/secure.gravatar.com\/avatar\/c6d0600e135ce420973af3f30adcbef6b3fd43e864e4beed4a1efcafb74d504f?s=96&d=mm&r=g","caption":"adel.eskic"},"sameAs":["http:\/\/www.serious-fun.se"],"url":"https:\/\/smeclimatehub.org\/sv\/author\/adel-eskic\/"}]}},"_links":{"self":[{"href":"https:\/\/smeclimatehub.org\/sv\/wp-json\/wp\/v2\/posts\/86517","targetHints":{"allow":["GET"]}}],"collection":[{"href":"https:\/\/smeclimatehub.org\/sv\/wp-json\/wp\/v2\/posts"}],"about":[{"href":"https:\/\/smeclimatehub.org\/sv\/wp-json\/wp\/v2\/types\/post"}],"author":[{"embeddable":true,"href":"https:\/\/smeclimatehub.org\/sv\/wp-json\/wp\/v2\/users\/10027"}],"replies":[{"embeddable":true,"href":"https:\/\/smeclimatehub.org\/sv\/wp-json\/wp\/v2\/comments?post=86517"}],"version-history":[{"count":0,"href":"https:\/\/smeclimatehub.org\/sv\/wp-json\/wp\/v2\/posts\/86517\/revisions"}],"wp:featuredmedia":[{"embeddable":true,"href":"https:\/\/smeclimatehub.org\/sv\/wp-json\/wp\/v2\/media\/63090"}],"wp:attachment":[{"href":"https:\/\/smeclimatehub.org\/sv\/wp-json\/wp\/v2\/media?parent=86517"}],"wp:term":[{"taxonomy":"category","embeddable":true,"href":"https:\/\/smeclimatehub.org\/sv\/wp-json\/wp\/v2\/categories?post=86517"},{"taxonomy":"post_tag","embeddable":true,"href":"https:\/\/smeclimatehub.org\/sv\/wp-json\/wp\/v2\/tags?post=86517"}],"curies":[{"name":"wp","href":"https:\/\/api.w.org\/{rel}","templated":true}]}}