
{"id":86523,"date":"2022-09-21T12:01:00","date_gmt":"2022-09-21T11:01:00","guid":{"rendered":"https:\/\/smeclimatehub.org\/mitt-i-hotet-fran-skogsbrander-bygger-clif-family-winery-farm-en-battre-framtid\/"},"modified":"2025-08-01T10:27:43","modified_gmt":"2025-08-01T09:27:43","slug":"mitt-i-hotet-fran-skogsbrander-bygger-clif-family-winery-farm-en-battre-framtid","status":"publish","type":"post","link":"https:\/\/smeclimatehub.org\/sv\/mitt-i-hotet-fran-skogsbrander-bygger-clif-family-winery-farm-en-battre-framtid\/","title":{"rendered":"Mitt i hotet fr\u00e5n skogsbr\u00e4nder bygger Clif Family Winery &amp; Farm en b\u00e4ttre framtid"},"content":{"rendered":"\n<p>Som en ving\u00e5rd baserad i den skogsbr\u00e4nderdrabbade Napa Valley i Kalifornien \u00e4r Clif Family Winery &amp; Farm inte bara medvetna om riskerna med klimatf\u00f6r\u00e4ndringarna \u2013 de har k\u00e4mpat sig igenom dem. F\u00f6r\u00f6dande skogsbr\u00e4nder orsakade av klimatf\u00f6r\u00e4ndringarna har tvingat anst\u00e4llda att driva sina arbetsplatser, allvarligt skadat mark och produkter, och gjort det lilla familje\u00e4gda f\u00f6retaget \u00e4nnu mer beslutsamt att ta ett steg fram\u00e5t f\u00f6r planeten.   <\/p>\n\n<p>  \u201dVi har sett p\u00e5 n\u00e4ra h\u00e5ll att vi m\u00e5ste vidta \u00e5tg\u00e4rder nu f\u00f6r att skydda v\u00e5rt samh\u00e4lle och v\u00e5ra inv\u00e5nare f\u00f6r framtiden\u201d, s\u00e4ger Linzi Gay, ordf\u00f6rande f\u00f6r Clif Family Winery &amp; Farm.  <\/p>\n\n<p>Det sm\u00e5skaliga vin- och speciallivsf\u00f6retaget som \u00e4gs av Clif Bar &amp; Companys grundare Gary Erickson och Kit Crawford f\u00f6rvandlade dessa problem till en seri\u00f6s klimatstrategi. Clif Family Winery &amp; Farm gick med i SME Climate Hub f\u00f6r att ta steg mot sina utsl\u00e4ppsminskningsm\u00e5l, med innovativa l\u00f6sningar som redan har gett omfattande resultat. <\/p>\n\n<figure class=\"wp-block-image\"><img decoding=\"async\" src=\"https:\/\/lh6.googleusercontent.com\/sEmneCw5iXOTVcYWXRFIf5Ombh242dR_Dqk63mCY6X8DQ3p_4s35zeUkez7XuwGp6eA88EoK0L9QGGQeIu0h1edW5SxIMTFAYSwWhh4Y_LNKwNFId4TEJ0OZPYS4-fDV2HS6xDAaJXZA44S2kifbZW_JBghWSdvHs-YoLfsFgmsgWAVUNuIeR2YNhA\" alt=\"\"\/><\/figure>\n\n<p><strong>Klimat\u00e5tg\u00e4rder \u00e4r djupt rotade i varum\u00e4rkets etos<\/strong> <\/p>\n\n<p>Att skydda planeten har varit en del av Clif Family Winery &amp; Farms DNA sedan dag ett. Detta uppdrag genomsyrar allt fr\u00e5n aff\u00e4rsprocesser till sj\u00e4lva produkten.   <\/p>\n\n<p>\u201dVi skapar unika, regionala viner och matr\u00e4tter med metoder som v\u00e4rnar om jorden och st\u00f6der h\u00e5llbart och ekologiskt jordbruk\u201d, s\u00e4ger Gay om varum\u00e4rkesuppdraget. \u201dVi uppmuntrar v\u00e5ra anst\u00e4llda att \u2019t\u00e4nka som ett tr\u00e4d\u2019 i alla aspekter av v\u00e5r verksamhet. Tr\u00e4d drivs av f\u00f6rnybar energi, \u00e5tervinner allt avfall och underh\u00e5ller och f\u00f6rb\u00e4ttrar de platser d\u00e4r de v\u00e4xer.\u201d  <\/p>\n\n<p>Med klimatmedvetna jordbruks- och aff\u00e4rsmetoder integrerar Clif Family Winery &amp; Farm detta &#8221;T\u00e4nk som ett tr\u00e4d&#8221;-t\u00e4nkande i hela f\u00f6retaget. Detta inkluderar deras 100 % CCOF-certifiering f\u00f6r ekologiska produkter, Napa Green Vineyard-certifiering och nyligen genomf\u00f6rda \u00e5tagande inom SME Climate Hub.   <\/p>\n\n<figure class=\"wp-block-image\"><img decoding=\"async\" src=\"https:\/\/lh6.googleusercontent.com\/eNeRk8G3yfDMWx04Jpx4pX2ExYAWL7nR1aTHL05xBkRU-ixtpytyNxv85YOMmBLjpYCS2gZx3uwTyVM48DqtLj-wnt_homS2DJOh4Bjdld6UOR3Wj_iXicsY9DzX5oaInSIdxa-YWV6Wp6ZXnvJU2P3o_ICfKIQc0sOA6tc8MM-X-Z6M22T5sEA-FA\" alt=\"\"\/><\/figure>\n\n<p><strong>Steg mot utsl\u00e4ppsminskningar<\/strong> <\/p>\n\n<p>Gay s\u00e4ger att SME Climate Hub-verktygen, som Business Carbon Calculator, har hj\u00e4lpt Clif Family Winery &amp; Farm att finjustera sina utsl\u00e4ppsk\u00e4llor, med avg\u00f6rande ansvarsskyldighet f\u00f6r att uppn\u00e5 dessa m\u00e5l f\u00f6r utsl\u00e4ppsminskning. I detta skede fokuserar f\u00f6retaget sina anstr\u00e4ngningar p\u00e5 att minska utsl\u00e4ppen i Scope 1 och Scope 2.   <\/p>\n\n<p>F\u00f6r att uppn\u00e5 detta har de tagit fram flera f\u00e4rdiga strategier. Ving\u00e5rden har g\u00e5tt med i den ideella elleverant\u00f6ren MCE:s initiativ 100% Deep Green Power, ett program d\u00e4r hela f\u00f6retagets energi kommer fr\u00e5n f\u00f6rorenande vind- och solenergi producerad i Kalifornien, och de har gjort viktiga f\u00f6r\u00e4ndringar i sin egen verksamhet.   <\/p>\n\n<p>\u201dVi har installerat solpaneler p\u00e5 v\u00e5rt nya kontor och provsmakningsrum\u201d, s\u00e4ger Gay. \u201dI \u00e5r anv\u00e4nde vi \u00e4ven f\u00e5r i ving\u00e5rden f\u00f6r ogr\u00e4sbek\u00e4mpning och g\u00f6dsling.\u201d Det senare \u00e4r s\u00e4rskilt viktigt eftersom f\u00f6retagets huvudsakliga k\u00e4lla till Scope 1- och Scope 2-utsl\u00e4pp, enligt Gay, kommer fr\u00e5n br\u00e4nsle som anv\u00e4nds till ving\u00e5rdens fordon och traktorer.    <\/p>\n\n<p>Att bygga en klimatstrategi hj\u00e4lpte ocks\u00e5 Clif Family Winery &amp; Farm att uppt\u00e4cka en innovativ produktlinje som \u00e4r \u00e4lskad av kunderna: Solar Grown Honey-produkter. Denna linje \u00e4r tillverkad av honung som kommer fr\u00e5n pollinat\u00f6rv\u00e4nliga solcellsodlingar, vilket i slut\u00e4ndan minskar utsl\u00e4ppen och fr\u00e4mjar viktiga pollinat\u00f6rsmilj\u00f6er.   <\/p>\n\n<p>Medan deras nuvarande fokus handlar om att minska utsl\u00e4ppen inom Scope 1 och Scope 2, medger Gay att teamet vill ta sitt arbete mycket l\u00e4ngre. \u201dVi l\u00e4gger just nu grunden f\u00f6r framtiden\u201d, s\u00e4ger hon och noterar att minskningar inom Scope 3 \u00e4r ett viktigt framtida m\u00e5l. \u201dEn stor del av v\u00e5ra planer f\u00f6r 2022 inkluderar att arbeta med v\u00e5ra sampackare och partners i leveranskedjan f\u00f6r att f\u00e5 en baslinje f\u00f6r v\u00e5ra utsl\u00e4pp och f\u00f6r att fastst\u00e4lla vilket arbete vi kan g\u00f6ra med dessa partners f\u00f6r att minska v\u00e5ra utsl\u00e4pp.\u201d    <\/p>\n\n<figure class=\"wp-block-image\"><img decoding=\"async\" src=\"https:\/\/lh4.googleusercontent.com\/fuZxWO5p8nDuM2LBVScwyWyE6SJ52qrBBFdygZTygzQwGvPG1xF8b0tWXWgSGwjmf-NlF-RfQpzBr9H3wyFpZbFL79xMxiwhFzifqi2GVHra_ej_MSzZ-VSJd_k-nVQ65OsKl8nxrecV_7PEkY5KeKASxLG8F8DilDExmjk85ZqOCBJSYtI8y-Rc7A\" alt=\"\"\/><\/figure>\n\n<p><strong>Att komma ih\u00e5g f\u00f6retagets &#8221;varf\u00f6r&#8221;<\/strong> <\/p>\n\n<p>F\u00f6r Clif Family Winery &amp; Farm \u00e4r de negativa effekterna av klimatf\u00f6r\u00e4ndringarna inte en &#8221;om&#8221;-situation. \u201dSom ett jordbruksf\u00f6retag med vin som v\u00e5r prim\u00e4ra produkt har vi sett effekterna av klimatf\u00f6r\u00e4ndringarna p\u00e5 n\u00e4ra h\u00e5ll med f\u00f6r\u00e4ndrat v\u00e4der och det \u00f6kade antalet och intensiteten av skogsbr\u00e4nder\u201d, konstaterar Gay.   <\/p>\n\n<p>De vet hur en framtid utan klimat\u00e5tg\u00e4rder ser ut \u2013 och de vet att vi fortfarande har makten att reparera den, f\u00f6r b\u00e5de f\u00f6retagens <em>och<\/em> planetens b\u00e4sta. \u201dV\u00e5rt jordbrukssamh\u00e4lle beh\u00f6ver st\u00f6d n\u00e4r det g\u00e4ller effekterna av skogsbr\u00e4nder, b\u00e5de de vi har upplevt och de som kommer att ske.\u201d   <\/p>\n\n<p>Precis som Clif Family Winery &amp; Farm kan ert team g\u00f6ra klimat\u00e5tg\u00e4rder som skyddar planeten \u2013 och ert f\u00f6retag \u2013 f\u00f6r framtiden genom att g\u00f6ra SME Climate Commitment.  <a href=\"https:\/\/smeclimatehub.org\/sv\/\">S\u00e5 h\u00e4r b\u00f6rjar du.<\/a> <\/p>\n","protected":false},"excerpt":{"rendered":"<p>Som en ving\u00e5rd baserad i den skogsbr\u00e4nderdrabbade Napa Valley i Kalifornien \u00e4r Clif Family Winery &amp; Farm inte bara medvetna om riskerna med klimatf\u00f6r\u00e4ndringarna \u2013 de har k\u00e4mpat sig igenom dem. F\u00f6r\u00f6dande skogsbr\u00e4nder orsakade av klimatf\u00f6r\u00e4ndringarna har tvingat anst\u00e4llda att driva sina arbetsplatser, allvarligt skadat mark och produkter, och gjort det lilla familje\u00e4gda f\u00f6retaget \u00e4nnu mer beslutsamt att ta ett steg fram\u00e5t f\u00f6r planeten. <\/p>\n","protected":false},"author":10027,"featured_media":51321,"comment_status":"closed","ping_status":"closed","sticky":false,"template":"","format":"standard","meta":{"_acf_changed":false,"inline_featured_image":false,"footnotes":""},"categories":[176,169],"tags":[],"class_list":["post-86523","post","type-post","status-publish","format-standard","has-post-thumbnail","hentry","category-article-sv","category-sme-sv"],"acf":[],"yoast_head":"<title>Mitt i hotet fr\u00e5n skogsbr\u00e4nder bygger Clif Family Winery &amp; Farm en b\u00e4ttre framtid - SME Climate Hub<\/title>\n<meta name=\"robots\" content=\"index, follow, max-snippet:-1, max-image-preview:large, max-video-preview:-1\" \/>\n<link rel=\"canonical\" href=\"https:\/\/smeclimatehub.org\/sv\/mitt-i-hotet-fran-skogsbrander-bygger-clif-family-winery-farm-en-battre-framtid\/\" \/>\n<meta property=\"og:locale\" content=\"sv_SE\" \/>\n<meta property=\"og:type\" content=\"article\" \/>\n<meta property=\"og:title\" content=\"Mitt i hotet fr\u00e5n skogsbr\u00e4nder bygger Clif Family Winery &amp; Farm en b\u00e4ttre framtid - SME Climate Hub\" \/>\n<meta property=\"og:description\" content=\"Som en ving\u00e5rd baserad i den skogsbr\u00e4nderdrabbade Napa Valley i Kalifornien \u00e4r Clif Family Winery &amp; Farm inte bara medvetna om riskerna med klimatf\u00f6r\u00e4ndringarna \u2013 de har k\u00e4mpat sig igenom dem. F\u00f6r\u00f6dande skogsbr\u00e4nder orsakade av klimatf\u00f6r\u00e4ndringarna har tvingat anst\u00e4llda att driva sina arbetsplatser, allvarligt skadat mark och produkter, och gjort det lilla familje\u00e4gda f\u00f6retaget \u00e4nnu mer beslutsamt att ta ett steg fram\u00e5t f\u00f6r planeten.\" \/>\n<meta property=\"og:url\" content=\"https:\/\/smeclimatehub.org\/sv\/mitt-i-hotet-fran-skogsbrander-bygger-clif-family-winery-farm-en-battre-framtid\/\" \/>\n<meta property=\"og:site_name\" content=\"SME Climate Hub\" \/>\n<meta property=\"article:published_time\" content=\"2022-09-21T11:01:00+00:00\" \/>\n<meta property=\"article:modified_time\" content=\"2025-08-01T09:27:43+00:00\" \/>\n<meta property=\"og:image\" content=\"https:\/\/smeclimatehub.org\/wp-content\/uploads\/2022\/09\/Clif.png\" \/>\n\t<meta property=\"og:image:width\" content=\"777\" \/>\n\t<meta property=\"og:image:height\" content=\"510\" \/>\n\t<meta property=\"og:image:type\" content=\"image\/png\" \/>\n<meta name=\"author\" content=\"adel.eskic\" \/>\n<meta name=\"twitter:card\" content=\"summary_large_image\" \/>\n<meta name=\"twitter:label1\" content=\"Written by\" \/>\n\t<meta name=\"twitter:data1\" content=\"adel.eskic\" \/>\n\t<meta name=\"twitter:label2\" content=\"Est. reading time\" \/>\n\t<meta name=\"twitter:data2\" content=\"4 minuter\" \/>\n<script type=\"application\/ld+json\" class=\"yoast-schema-graph\">{\"@context\":\"https:\/\/schema.org\",\"@graph\":[{\"@type\":\"Article\",\"@id\":\"https:\/\/smeclimatehub.org\/sv\/mitt-i-hotet-fran-skogsbrander-bygger-clif-family-winery-farm-en-battre-framtid\/#article\",\"isPartOf\":{\"@id\":\"https:\/\/smeclimatehub.org\/sv\/mitt-i-hotet-fran-skogsbrander-bygger-clif-family-winery-farm-en-battre-framtid\/\"},\"author\":{\"name\":\"adel.eskic\",\"@id\":\"https:\/\/businessclimatehub.org\/es\/#\/schema\/person\/a892d1e3d11b36e9af66621ece50f6d1\"},\"headline\":\"Mitt i hotet fr\u00e5n skogsbr\u00e4nder bygger Clif Family Winery &amp; Farm en b\u00e4ttre framtid\",\"datePublished\":\"2022-09-21T11:01:00+00:00\",\"dateModified\":\"2025-08-01T09:27:43+00:00\",\"mainEntityOfPage\":{\"@id\":\"https:\/\/smeclimatehub.org\/sv\/mitt-i-hotet-fran-skogsbrander-bygger-clif-family-winery-farm-en-battre-framtid\/\"},\"wordCount\":874,\"publisher\":{\"@id\":\"https:\/\/businessclimatehub.org\/es\/#organization\"},\"image\":{\"@id\":\"https:\/\/smeclimatehub.org\/sv\/mitt-i-hotet-fran-skogsbrander-bygger-clif-family-winery-farm-en-battre-framtid\/#primaryimage\"},\"thumbnailUrl\":\"https:\/\/smeclimatehub.org\/wp-content\/uploads\/2022\/09\/Clif.png\",\"articleSection\":[\"Article\",\"SME Stories\"],\"inLanguage\":\"sv-SE\"},{\"@type\":\"WebPage\",\"@id\":\"https:\/\/smeclimatehub.org\/sv\/mitt-i-hotet-fran-skogsbrander-bygger-clif-family-winery-farm-en-battre-framtid\/\",\"url\":\"https:\/\/smeclimatehub.org\/sv\/mitt-i-hotet-fran-skogsbrander-bygger-clif-family-winery-farm-en-battre-framtid\/\",\"name\":\"Mitt i hotet fr\u00e5n skogsbr\u00e4nder bygger Clif Family Winery &amp; Farm en b\u00e4ttre framtid - SME Climate Hub\",\"isPartOf\":{\"@id\":\"https:\/\/businessclimatehub.org\/es\/#website\"},\"primaryImageOfPage\":{\"@id\":\"https:\/\/smeclimatehub.org\/sv\/mitt-i-hotet-fran-skogsbrander-bygger-clif-family-winery-farm-en-battre-framtid\/#primaryimage\"},\"image\":{\"@id\":\"https:\/\/smeclimatehub.org\/sv\/mitt-i-hotet-fran-skogsbrander-bygger-clif-family-winery-farm-en-battre-framtid\/#primaryimage\"},\"thumbnailUrl\":\"https:\/\/smeclimatehub.org\/wp-content\/uploads\/2022\/09\/Clif.png\",\"datePublished\":\"2022-09-21T11:01:00+00:00\",\"dateModified\":\"2025-08-01T09:27:43+00:00\",\"breadcrumb\":{\"@id\":\"https:\/\/smeclimatehub.org\/sv\/mitt-i-hotet-fran-skogsbrander-bygger-clif-family-winery-farm-en-battre-framtid\/#breadcrumb\"},\"inLanguage\":\"sv-SE\",\"potentialAction\":[{\"@type\":\"ReadAction\",\"target\":[\"https:\/\/smeclimatehub.org\/sv\/mitt-i-hotet-fran-skogsbrander-bygger-clif-family-winery-farm-en-battre-framtid\/\"]}]},{\"@type\":\"ImageObject\",\"inLanguage\":\"sv-SE\",\"@id\":\"https:\/\/smeclimatehub.org\/sv\/mitt-i-hotet-fran-skogsbrander-bygger-clif-family-winery-farm-en-battre-framtid\/#primaryimage\",\"url\":\"https:\/\/smeclimatehub.org\/wp-content\/uploads\/2022\/09\/Clif.png\",\"contentUrl\":\"https:\/\/smeclimatehub.org\/wp-content\/uploads\/2022\/09\/Clif.png\",\"width\":777,\"height\":510},{\"@type\":\"BreadcrumbList\",\"@id\":\"https:\/\/smeclimatehub.org\/sv\/mitt-i-hotet-fran-skogsbrander-bygger-clif-family-winery-farm-en-battre-framtid\/#breadcrumb\",\"itemListElement\":[{\"@type\":\"ListItem\",\"position\":1,\"name\":\"Home\",\"item\":\"https:\/\/smeclimatehub.org\/sv\/\"},{\"@type\":\"ListItem\",\"position\":2,\"name\":\"Mitt i hotet fr\u00e5n skogsbr\u00e4nder bygger Clif Family Winery &amp; Farm en b\u00e4ttre framtid\"}]},{\"@type\":\"WebSite\",\"@id\":\"https:\/\/businessclimatehub.org\/es\/#website\",\"url\":\"https:\/\/businessclimatehub.org\/es\/\",\"name\":\"SME Climate hub\",\"description\":\"\",\"publisher\":{\"@id\":\"https:\/\/businessclimatehub.org\/es\/#organization\"},\"potentialAction\":[{\"@type\":\"SearchAction\",\"target\":{\"@type\":\"EntryPoint\",\"urlTemplate\":\"https:\/\/businessclimatehub.org\/es\/?s={search_term_string}\"},\"query-input\":{\"@type\":\"PropertyValueSpecification\",\"valueRequired\":true,\"valueName\":\"search_term_string\"}}],\"inLanguage\":\"sv-SE\"},{\"@type\":\"Organization\",\"@id\":\"https:\/\/businessclimatehub.org\/es\/#organization\",\"name\":\"SME Climate hub\",\"url\":\"https:\/\/businessclimatehub.org\/es\/\",\"logo\":{\"@type\":\"ImageObject\",\"inLanguage\":\"sv-SE\",\"@id\":\"https:\/\/businessclimatehub.org\/es\/#\/schema\/logo\/image\/\",\"url\":\"https:\/\/smeclimatehub.org\/wp-content\/uploads\/2025\/03\/smeLogo-1.png\",\"contentUrl\":\"https:\/\/smeclimatehub.org\/wp-content\/uploads\/2025\/03\/smeLogo-1.png\",\"width\":465,\"height\":245,\"caption\":\"SME Climate hub\"},\"image\":{\"@id\":\"https:\/\/businessclimatehub.org\/es\/#\/schema\/logo\/image\/\"}},{\"@type\":\"Person\",\"@id\":\"https:\/\/businessclimatehub.org\/es\/#\/schema\/person\/a892d1e3d11b36e9af66621ece50f6d1\",\"name\":\"adel.eskic\",\"image\":{\"@type\":\"ImageObject\",\"inLanguage\":\"sv-SE\",\"@id\":\"https:\/\/businessclimatehub.org\/es\/#\/schema\/person\/image\/\",\"url\":\"https:\/\/secure.gravatar.com\/avatar\/c6d0600e135ce420973af3f30adcbef6b3fd43e864e4beed4a1efcafb74d504f?s=96&d=mm&r=g\",\"contentUrl\":\"https:\/\/secure.gravatar.com\/avatar\/c6d0600e135ce420973af3f30adcbef6b3fd43e864e4beed4a1efcafb74d504f?s=96&d=mm&r=g\",\"caption\":\"adel.eskic\"},\"sameAs\":[\"http:\/\/www.serious-fun.se\"],\"url\":\"https:\/\/smeclimatehub.org\/sv\/author\/adel-eskic\/\"}]}<\/script>","yoast_head_json":{"title":"Mitt i hotet fr\u00e5n skogsbr\u00e4nder bygger Clif Family Winery &amp; Farm en b\u00e4ttre framtid - SME Climate Hub","robots":{"index":"index","follow":"follow","max-snippet":"max-snippet:-1","max-image-preview":"max-image-preview:large","max-video-preview":"max-video-preview:-1"},"canonical":"https:\/\/smeclimatehub.org\/sv\/mitt-i-hotet-fran-skogsbrander-bygger-clif-family-winery-farm-en-battre-framtid\/","og_locale":"sv_SE","og_type":"article","og_title":"Mitt i hotet fr\u00e5n skogsbr\u00e4nder bygger Clif Family Winery &amp; Farm en b\u00e4ttre framtid - SME Climate Hub","og_description":"Som en ving\u00e5rd baserad i den skogsbr\u00e4nderdrabbade Napa Valley i Kalifornien \u00e4r Clif Family Winery &amp; Farm inte bara medvetna om riskerna med klimatf\u00f6r\u00e4ndringarna \u2013 de har k\u00e4mpat sig igenom dem. F\u00f6r\u00f6dande skogsbr\u00e4nder orsakade av klimatf\u00f6r\u00e4ndringarna har tvingat anst\u00e4llda att driva sina arbetsplatser, allvarligt skadat mark och produkter, och gjort det lilla familje\u00e4gda f\u00f6retaget \u00e4nnu mer beslutsamt att ta ett steg fram\u00e5t f\u00f6r planeten.","og_url":"https:\/\/smeclimatehub.org\/sv\/mitt-i-hotet-fran-skogsbrander-bygger-clif-family-winery-farm-en-battre-framtid\/","og_site_name":"SME Climate Hub","article_published_time":"2022-09-21T11:01:00+00:00","article_modified_time":"2025-08-01T09:27:43+00:00","og_image":[{"width":777,"height":510,"url":"https:\/\/smeclimatehub.org\/wp-content\/uploads\/2022\/09\/Clif.png","type":"image\/png"}],"author":"adel.eskic","twitter_card":"summary_large_image","twitter_misc":{"Written by":"adel.eskic","Est. reading time":"4 minuter"},"schema":{"@context":"https:\/\/schema.org","@graph":[{"@type":"Article","@id":"https:\/\/smeclimatehub.org\/sv\/mitt-i-hotet-fran-skogsbrander-bygger-clif-family-winery-farm-en-battre-framtid\/#article","isPartOf":{"@id":"https:\/\/smeclimatehub.org\/sv\/mitt-i-hotet-fran-skogsbrander-bygger-clif-family-winery-farm-en-battre-framtid\/"},"author":{"name":"adel.eskic","@id":"https:\/\/businessclimatehub.org\/es\/#\/schema\/person\/a892d1e3d11b36e9af66621ece50f6d1"},"headline":"Mitt i hotet fr\u00e5n skogsbr\u00e4nder bygger Clif Family Winery &amp; Farm en b\u00e4ttre framtid","datePublished":"2022-09-21T11:01:00+00:00","dateModified":"2025-08-01T09:27:43+00:00","mainEntityOfPage":{"@id":"https:\/\/smeclimatehub.org\/sv\/mitt-i-hotet-fran-skogsbrander-bygger-clif-family-winery-farm-en-battre-framtid\/"},"wordCount":874,"publisher":{"@id":"https:\/\/businessclimatehub.org\/es\/#organization"},"image":{"@id":"https:\/\/smeclimatehub.org\/sv\/mitt-i-hotet-fran-skogsbrander-bygger-clif-family-winery-farm-en-battre-framtid\/#primaryimage"},"thumbnailUrl":"https:\/\/smeclimatehub.org\/wp-content\/uploads\/2022\/09\/Clif.png","articleSection":["Article","SME Stories"],"inLanguage":"sv-SE"},{"@type":"WebPage","@id":"https:\/\/smeclimatehub.org\/sv\/mitt-i-hotet-fran-skogsbrander-bygger-clif-family-winery-farm-en-battre-framtid\/","url":"https:\/\/smeclimatehub.org\/sv\/mitt-i-hotet-fran-skogsbrander-bygger-clif-family-winery-farm-en-battre-framtid\/","name":"Mitt i hotet fr\u00e5n skogsbr\u00e4nder bygger Clif Family Winery &amp; Farm en b\u00e4ttre framtid - SME Climate Hub","isPartOf":{"@id":"https:\/\/businessclimatehub.org\/es\/#website"},"primaryImageOfPage":{"@id":"https:\/\/smeclimatehub.org\/sv\/mitt-i-hotet-fran-skogsbrander-bygger-clif-family-winery-farm-en-battre-framtid\/#primaryimage"},"image":{"@id":"https:\/\/smeclimatehub.org\/sv\/mitt-i-hotet-fran-skogsbrander-bygger-clif-family-winery-farm-en-battre-framtid\/#primaryimage"},"thumbnailUrl":"https:\/\/smeclimatehub.org\/wp-content\/uploads\/2022\/09\/Clif.png","datePublished":"2022-09-21T11:01:00+00:00","dateModified":"2025-08-01T09:27:43+00:00","breadcrumb":{"@id":"https:\/\/smeclimatehub.org\/sv\/mitt-i-hotet-fran-skogsbrander-bygger-clif-family-winery-farm-en-battre-framtid\/#breadcrumb"},"inLanguage":"sv-SE","potentialAction":[{"@type":"ReadAction","target":["https:\/\/smeclimatehub.org\/sv\/mitt-i-hotet-fran-skogsbrander-bygger-clif-family-winery-farm-en-battre-framtid\/"]}]},{"@type":"ImageObject","inLanguage":"sv-SE","@id":"https:\/\/smeclimatehub.org\/sv\/mitt-i-hotet-fran-skogsbrander-bygger-clif-family-winery-farm-en-battre-framtid\/#primaryimage","url":"https:\/\/smeclimatehub.org\/wp-content\/uploads\/2022\/09\/Clif.png","contentUrl":"https:\/\/smeclimatehub.org\/wp-content\/uploads\/2022\/09\/Clif.png","width":777,"height":510},{"@type":"BreadcrumbList","@id":"https:\/\/smeclimatehub.org\/sv\/mitt-i-hotet-fran-skogsbrander-bygger-clif-family-winery-farm-en-battre-framtid\/#breadcrumb","itemListElement":[{"@type":"ListItem","position":1,"name":"Home","item":"https:\/\/smeclimatehub.org\/sv\/"},{"@type":"ListItem","position":2,"name":"Mitt i hotet fr\u00e5n skogsbr\u00e4nder bygger Clif Family Winery &amp; Farm en b\u00e4ttre framtid"}]},{"@type":"WebSite","@id":"https:\/\/businessclimatehub.org\/es\/#website","url":"https:\/\/businessclimatehub.org\/es\/","name":"SME Climate hub","description":"","publisher":{"@id":"https:\/\/businessclimatehub.org\/es\/#organization"},"potentialAction":[{"@type":"SearchAction","target":{"@type":"EntryPoint","urlTemplate":"https:\/\/businessclimatehub.org\/es\/?s={search_term_string}"},"query-input":{"@type":"PropertyValueSpecification","valueRequired":true,"valueName":"search_term_string"}}],"inLanguage":"sv-SE"},{"@type":"Organization","@id":"https:\/\/businessclimatehub.org\/es\/#organization","name":"SME Climate hub","url":"https:\/\/businessclimatehub.org\/es\/","logo":{"@type":"ImageObject","inLanguage":"sv-SE","@id":"https:\/\/businessclimatehub.org\/es\/#\/schema\/logo\/image\/","url":"https:\/\/smeclimatehub.org\/wp-content\/uploads\/2025\/03\/smeLogo-1.png","contentUrl":"https:\/\/smeclimatehub.org\/wp-content\/uploads\/2025\/03\/smeLogo-1.png","width":465,"height":245,"caption":"SME Climate hub"},"image":{"@id":"https:\/\/businessclimatehub.org\/es\/#\/schema\/logo\/image\/"}},{"@type":"Person","@id":"https:\/\/businessclimatehub.org\/es\/#\/schema\/person\/a892d1e3d11b36e9af66621ece50f6d1","name":"adel.eskic","image":{"@type":"ImageObject","inLanguage":"sv-SE","@id":"https:\/\/businessclimatehub.org\/es\/#\/schema\/person\/image\/","url":"https:\/\/secure.gravatar.com\/avatar\/c6d0600e135ce420973af3f30adcbef6b3fd43e864e4beed4a1efcafb74d504f?s=96&d=mm&r=g","contentUrl":"https:\/\/secure.gravatar.com\/avatar\/c6d0600e135ce420973af3f30adcbef6b3fd43e864e4beed4a1efcafb74d504f?s=96&d=mm&r=g","caption":"adel.eskic"},"sameAs":["http:\/\/www.serious-fun.se"],"url":"https:\/\/smeclimatehub.org\/sv\/author\/adel-eskic\/"}]}},"_links":{"self":[{"href":"https:\/\/smeclimatehub.org\/sv\/wp-json\/wp\/v2\/posts\/86523","targetHints":{"allow":["GET"]}}],"collection":[{"href":"https:\/\/smeclimatehub.org\/sv\/wp-json\/wp\/v2\/posts"}],"about":[{"href":"https:\/\/smeclimatehub.org\/sv\/wp-json\/wp\/v2\/types\/post"}],"author":[{"embeddable":true,"href":"https:\/\/smeclimatehub.org\/sv\/wp-json\/wp\/v2\/users\/10027"}],"replies":[{"embeddable":true,"href":"https:\/\/smeclimatehub.org\/sv\/wp-json\/wp\/v2\/comments?post=86523"}],"version-history":[{"count":0,"href":"https:\/\/smeclimatehub.org\/sv\/wp-json\/wp\/v2\/posts\/86523\/revisions"}],"wp:featuredmedia":[{"embeddable":true,"href":"https:\/\/smeclimatehub.org\/sv\/wp-json\/wp\/v2\/media\/51321"}],"wp:attachment":[{"href":"https:\/\/smeclimatehub.org\/sv\/wp-json\/wp\/v2\/media?parent=86523"}],"wp:term":[{"taxonomy":"category","embeddable":true,"href":"https:\/\/smeclimatehub.org\/sv\/wp-json\/wp\/v2\/categories?post=86523"},{"taxonomy":"post_tag","embeddable":true,"href":"https:\/\/smeclimatehub.org\/sv\/wp-json\/wp\/v2\/tags?post=86523"}],"curies":[{"name":"wp","href":"https:\/\/api.w.org\/{rel}","templated":true}]}}