
{"id":86527,"date":"2021-09-01T15:16:02","date_gmt":"2021-09-01T14:16:02","guid":{"rendered":"https:\/\/smeclimatehub.org\/bortom-netto-zero-hur-den-digitala-marknadsforingsbyran-propellernet-nar-langre-an-sina-egna-utslapp\/"},"modified":"2025-08-01T10:29:29","modified_gmt":"2025-08-01T09:29:29","slug":"bortom-netto-zero-hur-den-digitala-marknadsforingsbyran-propellernet-nar-langre-an-sina-egna-utslapp","status":"publish","type":"post","link":"https:\/\/smeclimatehub.org\/sv\/bortom-netto-zero-hur-den-digitala-marknadsforingsbyran-propellernet-nar-langre-an-sina-egna-utslapp\/","title":{"rendered":"Bortom Netto Zero: Hur den digitala marknadsf\u00f6ringsbyr\u00e5n Propellernet n\u00e5r l\u00e4ngre \u00e4n sina egna utsl\u00e4pp"},"content":{"rendered":"\n<p>Som digital marknadsf\u00f6ringsbyr\u00e5 har Brighton-baserade <a href=\"https:\/\/www.propellernet.co.uk\/\">Propellernet<\/a> naturligtvis l\u00e4gre utsl\u00e4pp \u00e4n f\u00f6retag av samma storlek inom en annan sektor, s\u00e5som bygg eller tillverkning. Deras utsl\u00e4pp kommer fr\u00e4mst fr\u00e5n kontorsproduktion, teknikinfrastruktur och Scope 3-utsl\u00e4pp, inklusive saker som de varor de k\u00f6per eller anst\u00e4lldas resor. N\u00e4r det var dags att utv\u00e4rdera och minska sina utsl\u00e4pp begr\u00e4nsade de sig inte till att minska sin egen verksamhet till nettonollutsl\u00e4pp. Ist\u00e4llet arbetar de f\u00f6r att minska sina koldioxidutsl\u00e4pp till l\u00e4gsta m\u00f6jliga grad, anv\u00e4nda kompensationer f\u00f6r att \u00e5terst\u00e4lla eventuell historisk p\u00e5verkan de har haft p\u00e5 klimatet och i slut\u00e4ndan bli koldioxidnegativa f\u00f6r att ta h\u00e4nsyn till f\u00f6retag som inte sj\u00e4lva kan uppn\u00e5 dessa m\u00e5l.     <\/p>\n\n<p>Vi pratade med <a href=\"https:\/\/www.linkedin.com\/in\/sam-zindel-27b51925\/?originalSubdomain=uk\">Sam Zindel<\/a> , f\u00f6retagets VD, f\u00f6r att diskutera deras modell f\u00f6r klimatambitioner. Som en stark \u00f6vertygare om att f\u00f6retag har en betydande roll att spela i gemensamma klimat\u00e5tg\u00e4rder delar Sam med sig av de f\u00f6r\u00e4ndringar de har genomf\u00f6rt i hopp om att deras plan kan hj\u00e4lpa sm\u00e5f\u00f6retag runt om i v\u00e4rlden att s\u00e4tta upp ambiti\u00f6sa m\u00e5l f\u00f6r sig sj\u00e4lva.   <\/p>\n\n<p><\/p>\n\n<div class=\"wp-block-image\"><figure class=\"aligncenter\"><img decoding=\"async\" src=\"https:\/\/lh5.googleusercontent.com\/83uVisK4qMwPaR4L3LVTikWvFbkK-KfhVXmviC2yvtbsfQpDb-mmvRF_nxd9DyLA5-wWMBM-fe__q9yQpzwnAWiD96GKAA2vfmNkxtRYgwW3Mni4FVOQsvVL6hgUiqQmzOhjldOr=s0\" alt=\"\"\/><figcaption><meta charset=\"utf-8\"\/>Propellernet-teamet p\u00e5 Leadership Away Day f\u00f6r att planera f\u00f6retagets strategi. (Sam, v\u00e4nster) <\/figcaption><\/figure><\/div>\n\n<p><\/p>\n\n<h5 class=\"wp-block-heading\">Hur blev klimat\u00e5tg\u00e4rder en aff\u00e4rsprioritet f\u00f6r Propellernet?<\/h5>\n\n<p>Propellernet har alltid varit ett medvetet f\u00f6retag. Vi s\u00f6ker utmaningar som \u00e4r st\u00f6rre \u00e4n v\u00e5ra &#8221;dagliga&#8221; jobb och v\u00e4ljer att agera. N\u00e4r jag blev medverkande direkt\u00f6r 2019 gjorde jag det till mitt f\u00f6rsta jobb att fokusera p\u00e5 att minska v\u00e5r milj\u00f6p\u00e5verkan.  <\/p>\n\n<h5 class=\"wp-block-heading\"><meta charset=\"utf-8\"\/>Vilka \u00e4r era huvudsakliga utsl\u00e4ppsk\u00e4llor som digital marknadsf\u00f6ringsbyr\u00e5?<\/h5>\n\n<p>Vi \u00e4r ett tj\u00e4nstef\u00f6retag inom den digitala sektorn, s\u00e5 v\u00e5rt koldioxidavtryck \u00e4r l\u00e4gre \u00e4n m\u00e5nga f\u00f6retag av v\u00e5r storlek (vi har cirka 40 anst\u00e4llda). V\u00e5ra koldioxidutsl\u00e4pp under 12-m\u00e5nadersperioden mellan april 2020 och mars 2021 var 75 tCO2e. 90 % av v\u00e5ra utsl\u00e4pp kommer fr\u00e5n v\u00e5ra ink\u00f6pta varor och tj\u00e4nster, vilka faller inom kategorin Scope 3. De st\u00f6rsta bidragsgivarna \u00e4r v\u00e5r kontors luftkonditionering och IT-infrastruktur. Faktum \u00e4r att v\u00e5r kontorsmilj\u00f6 som helhet \u00e4r den enskilt st\u00f6rsta koldioxidutsl\u00e4pparen.    <\/p>\n\n<h5 class=\"wp-block-heading\">Vilka var de f\u00f6rsta stegen som Propellernet tog f\u00f6r att minska utsl\u00e4ppen?<\/h5>\n\n<p>De snabba vinsterna f\u00f6r oss inkluderade att byta till en leverant\u00f6r av f\u00f6rnybar energi, s\u00e4lja v\u00e5r kontorsbil och minska storleken p\u00e5 v\u00e5ra kontorsytor genom att bli av med en av de tre v\u00e5ningarna vi upptar. Ett antal p\u00e5tvingade f\u00f6r\u00e4ndringar p\u00e5 grund av covid-19-pandemin har ocks\u00e5 bidragit till att minska utsl\u00e4ppen under de senaste 18 m\u00e5naderna. Det inkluderade saker som en stor minskning av anv\u00e4ndningen av v\u00e5rt kontor och begr\u00e4nsning av resor till kundernas lokaler.  <\/p>\n\n<p><\/p>\n\n<div class=\"wp-block-image\"><figure class=\"aligncenter is-resized\"><img loading=\"lazy\" decoding=\"async\" src=\"https:\/\/lh6.googleusercontent.com\/YjACmWCY7vX0nDLoeoDXSMdzNRsMQFYj6joaWzvLGOOptW85rY171JjOolrVpu9C0lfE45zv1sw-BUQA-mqfGMCleEHTaZKav0kXnsot4b5xu0_DNWbyDzAsEMzBm3zLMeJEBAXg=s0\" alt=\"\" width=\"439\" height=\"417\"\/><figcaption><meta charset=\"utf-8\"\/>Sammans\u00e4ttningen av Propellernets koldioxidavtryck, typiskt f\u00f6r ett tj\u00e4nstef\u00f6retag.<\/figcaption><\/figure><\/div>\n\n<p><\/p>\n\n<p>V\u00e5r h\u00f6gsta prioritet \u00e4r att radikalt minska v\u00e5ra utsl\u00e4pp. V\u00e5rt m\u00e5l \u00e4r att eliminera 50 % av v\u00e5rt koldioxidavtryck till 2025. Vi har gjort det genom att:  <\/p>\n\n<ul class=\"wp-block-list\"><li>Att byta till 100 % f\u00f6rnybar energi<\/li><li>\u00d6vervaka arbetsmilj\u00f6n b\u00e5de hemma och p\u00e5 arbetsplatsen f\u00f6r att minska energif\u00f6rbrukningen genom uppgifter som v\u00e4rme\u00f6vervakning, urkoppling av laddare och till och med minska antalet skickade e-postmeddelanden.<\/li><li>Installera vattenreducerande anordningar f\u00f6r att minska avfall fr\u00e5n toaletter och kranar<\/li><li>Att v\u00e4lja energieffektiva transportalternativ eller distanskonferenser<\/li><li>Lokalisera v\u00e5r leverans, inklusive datacenter och IT-verktyg, och f\u00f6rlita oss p\u00e5 leverant\u00f6rer med b\u00e4ttre gr\u00f6na meriter<\/li><\/ul>\n\n<p>V\u00e5ra anst\u00e4llda kan ocks\u00e5 betala en procentandel av sin l\u00f6n till v\u00e5r klimatfond, som anv\u00e4nds f\u00f6r att k\u00f6pa koldioxidkrediter. Propellernet matchar det v\u00e4rdet f\u00f6r att f\u00f6rdubbla effekten. Vi kallar detta en &#8221;pension f\u00f6r planeten&#8221; eftersom den matchade finansieringen mellan anst\u00e4llda och arbetsgivare fungerar p\u00e5 ett liknande s\u00e4tt som en pension. Under v\u00e5ra f\u00f6rsta 10 m\u00e5nader har vi kompenserat f\u00f6r 600 tCO2e \u2013 motsvarande 8 \u00e5rs koldioxidutsl\u00e4pp. <strong>Ett <em>viktigt m\u00e5l \u00e4r att sanera 17 \u00e5r av v\u00e5r historia sedan f\u00f6retaget bildades, vilket vi \u00e4r p\u00e5 god v\u00e4g att g\u00f6ra senast i juli 2022.<\/em><\/strong>   <\/p>\n\n<p>Det f\u00f6rmodligen mest ambiti\u00f6sa m\u00e5let vi har \u00e4r att plantera 1 miljon tr\u00e4d i slutet av 2023. Vi g\u00f6r detta i samarbete med Eden Reforestation Projects (verifierad enligt Gold Standard), och hittills har vi planterat drygt 200 000. <\/p>\n\n<p><\/p>\n\n<div class=\"wp-block-image\"><figure class=\"aligncenter\"><img decoding=\"async\" src=\"https:\/\/lh3.googleusercontent.com\/s_GBc6l1X1duFY3QYep8EQpGsQWaUymaag32CxACAsmeLSDr0UEwFHbP9DrI233D2KmjwDhzPrV3FTXG_Eq51khL--rez7_C-0RnIgmMBkl2R_KvDfN494T7YSuP7by7lkVi5JSh=s0\" alt=\"\"\/><figcaption>Visualisering av frivilliga koldioxidkompensationer som k\u00f6pts in under 10 m\u00e5nader (exklusive tr\u00e4dplantering)<\/figcaption><\/figure><\/div>\n\n<p><\/p>\n\n<h5 class=\"wp-block-heading\">Vilka aff\u00e4rsf\u00f6rdelar har ni hittills sett som ett resultat av att vidta klimat\u00e5tg\u00e4rder?<\/h5>\n\n<p>V\u00e5ra klimat\u00e5tg\u00e4rder ger v\u00e5r verksamhet ett f\u00f6rnyat syfte och energi. V\u00e5rt ledningsteam motiveras av v\u00e5ra klimatm\u00e5l och detta genomsyrar hela verksamheten och \u00e4ven v\u00e5ra kunders v\u00e4rld. N\u00e4r vi f\u00e5r en ny kund planterar vi 1 000 tr\u00e4d \u00e5t dem och varje g\u00e5ng en ny person b\u00f6rjar p\u00e5 Propellernet ger vi dem 500 tr\u00e4d. Det \u00e4r ett utm\u00e4rkt s\u00e4tt att engagera m\u00e4nniskor i v\u00e5ra klimat\u00e5tg\u00e4rder.   <\/p>\n\n<p>Vi vet att alla f\u00f6retag m\u00e5ste agera klimatf\u00f6r\u00e4ndringar, antingen genom eget val eller genom mer interventionistiska \u00e5tg\u00e4rder som koldioxidskatter eller b\u00f6ter. Genom att leda omr\u00e5det med radikala \u00e5tg\u00e4rder nu kommer vi att ha en utm\u00e4rkt position f\u00f6r att dra nytta av m\u00f6jligheterna att driva verksamheten h\u00e5llbart. Vi attraherar redan en annan typ av inkommande leads och potentiella kunder. Detta har f\u00f6rst\u00e4rkts av v\u00e5r senaste B Corp-certifiering.     <em><strong>Ni m\u00e5ste inse att ert f\u00f6retags utsl\u00e4pp i scope 1 och 2 \u00e4r ett annat f\u00f6retags utsl\u00e4pp i scope 3, s\u00e5 vi blir en alltmer attraktiv del av v\u00e4rdekedjan f\u00f6r st\u00f6rre organisationer.<\/strong><\/em><\/p>\n\n<div class=\"wp-block-image\"><figure class=\"aligncenter is-resized\"><img loading=\"lazy\" decoding=\"async\" src=\"https:\/\/lh5.googleusercontent.com\/LMbGk7AFht7zvCsQTEOeHK4Av2aNRD2ghDlpASv0FjxXunI72a5KI2E9EExq6NctwWPnEe4wZVXhBOh2SWVJ0szgg5y-LHI7NkbLiwLtQn6Oo0nm3Si7wIWMO_GLC4qgnQafTc4C=s0\" alt=\"\" width=\"857\" height=\"354\"\/><figcaption><meta charset=\"utf-8\"\/>Propellernets huvudsakliga investering i tr\u00e4dplantering \u00e4r mangroverestaurering i Marotaola i samarbete med ecologi och Eden Reforestation (verifierad enligt Gold Standard).<\/figcaption><\/figure><\/div>\n\n<p><\/p>\n\n<h5 class=\"wp-block-heading\">N\u00e4r kommer Propellernet att n\u00e5 nollpunktsm\u00e5len? Hur l\u00e5ngt har f\u00f6retaget kommit nu? <\/h5>\n\n<p>P\u00e5 pappret har vi hamnat l\u00e5ngt under nettonollutsl\u00e4pp n\u00e4r man tar h\u00e4nsyn till v\u00e5ra investeringar i koldioxidkrediter och tr\u00e4dplantering, men det \u00e4r en felaktig st\u00e5ndpunkt, eftersom vi har en bit kvar att g\u00e5 f\u00f6r att n\u00e5 v\u00e5ra utsl\u00e4ppsm\u00e5l. Som ett koldioxidsn\u00e5lt f\u00f6retag ser jag inte nettonollutsl\u00e4pp som ett relevant m\u00e5l. Vi har delat upp v\u00e5ra m\u00e5l i tv\u00e5 separata element:  <\/p>\n\n<ul class=\"wp-block-list\"><li>Minska v\u00e5ra koldioxidutsl\u00e4pp s\u00e5 mycket som m\u00f6jligt<\/li><li>Investera s\u00e5 mycket vi kan i naturbaserade klimatl\u00f6sningar f\u00f6r att \u00e5terst\u00e4lla jordens ekosystem och biologiska m\u00e5ngfald och skapa ett mer motst\u00e5ndskraftigt klimat.<\/li><\/ul>\n\n<p>Detta skiljer sig fr\u00e5n f\u00f6retag med st\u00f6rre koldioxidavtryck som m\u00e5ste minska s\u00e5 mycket som m\u00f6jligt och kompensera f\u00f6r att n\u00e5 nettonoll.  <\/p>\n\n<h5 class=\"wp-block-heading\">Har du n\u00e5gra r\u00e5d till sm\u00e5f\u00f6retag som vill ta det f\u00f6rsta steget?<\/h5>\n\n<p>\u00d6vert\u00e4nk inte. Agera nu. M\u00e5nga f\u00f6retag k\u00e4nner att de inte har tid eller pengar att ta itu med klimatf\u00f6r\u00e4ndringarna i sin organisation. Men att agera tidigare kommer att vara mycket billigare \u00e4n att skjuta upp det tills lagstiftning och konkurrens tvingar dig att vidta \u00e5tg\u00e4rder. Det handlar egentligen om prioriteringar och att utbilda dig om risker och m\u00f6jligheter, och sedan \u00e4ndra hur du g\u00f6r saker.    <\/p>\n\n<p><strong><em>Som ledare f\u00f6r ett f\u00f6retag av alla storlekar \u00e4r en del av ditt ansvar att minska risker och planera f\u00f6r framtiden.<\/em><\/strong>  Ta ansvar och utbilda dig sj\u00e4lv. Det finns m\u00e5nga anv\u00e4ndbara guider och artiklar online, till exempel SME Climate Hub, som f\u00f6retagsledare kan f\u00e5 tillg\u00e5ng till och l\u00e4ra sig av. <\/p>\n\n<h5 class=\"wp-block-heading\">Fanns det n\u00e5gra viktiga l\u00e4rdomar du drog som kan vara till\u00e4mpliga p\u00e5 sm\u00e5 och medelstora f\u00f6retag runt om i v\u00e4rlden?<\/h5>\n\n<p>F\u00f6r mindre f\u00f6retag skulle jag inte n\u00f6dv\u00e4ndigtvis rekommendera en linj\u00e4r process f\u00f6r att vidta klimat\u00e5tg\u00e4rder (m\u00e4ta, minska, kompensera). Vi planterade \u00f6ver 100 000 tr\u00e4d innan vi visste vad v\u00e5rt koldioxidavtryck var. Att ta de f\u00f6rsta stegen och bygga en vision och ett m\u00e5l \u00e4r det viktigaste. I slut\u00e4ndan kommer vi alla att beh\u00f6va minska v\u00e5ra utsl\u00e4pp och bidra till att minska utsl\u00e4ppen av v\u00e4xthusgaser fr\u00e5n atmosf\u00e4ren, s\u00e5 b\u00f6rja i b\u00e5da riktningarna och arbeta ut detaljerna senare.   <\/p>\n\n<p>Du kan l\u00e4ra dig mycket av andra f\u00f6retag som ditt. Dela id\u00e9er, kopiera saker och samarbeta. Det h\u00e4r \u00e4r en utmaning som vi alla st\u00e5r inf\u00f6r tillsammans. Vi beh\u00f6ver ha en \u00f6ppen k\u00e4llkod-strategi, s\u00e5 ber\u00f6m vad du g\u00f6r och var glad n\u00e4r andra f\u00f6ljer ditt exempel.   <\/p>\n\n<div class=\"wp-block-image\"><figure class=\"aligncenter\"><img decoding=\"async\" src=\"https:\/\/lh6.googleusercontent.com\/tcj_pFIdiFe0OEqtkr8ajw7-REPIAeL6nvbAKWH45HEH72Qfv2L5XcW4cFCOLcrvsl6GtjdpN8MyEpXVkNJiACYCLvJLSY3nhsmQqhKwuEB2VVYpTAmpIYVMzAVjinNw4v190cMO=s0\" alt=\"\"\/><figcaption><meta charset=\"utf-8\"\/>F\u00f6retagstr\u00e4ff i den lokala parken. Teamet visualiserar sin globala tr\u00e4dplantering p\u00e5 en lokal karta s\u00e5 att varje person kan f\u00e5 en uppfattning om omfattningen av sina projekt. <\/figcaption><\/figure><\/div>\n\n<p><\/p>\n\n<h5 class=\"wp-block-heading\">Varf\u00f6r skulle du rekommendera sm\u00e5f\u00f6retag inom och utanf\u00f6r din bransch att vidta klimat\u00e5tg\u00e4rder?<\/h5>\n\n<p class=\"has-normal-font-size\">Om du beh\u00f6ver mer r\u00e4ttf\u00e4rdigande \u00e4n en existentiell kris som ska l\u00e4mnas vidare till n\u00e4sta generation (!), fundera d\u00e5 \u00f6ver hur ditt f\u00f6retag passar in i makroekonomin under de kommande 10 till 20 \u00e5ren. Vi r\u00f6r oss mot en nollekonomi. Antingen kommer ditt f\u00f6retag att vara en del av det \u2013 och m\u00f6jligen bli ledande \u2013 eller s\u00e5 kommer du att bli strandsatt i en v\u00e4rld som investerare och konsumenter har l\u00e4mnat.    <strong><em>H\u00e5llbarhet utf\u00f6rd p\u00e5 r\u00e4tt s\u00e4tt \u00e4r en motst\u00e5ndskraftig aff\u00e4rsstrategi.<\/em><\/strong><\/p>\n\n<h5 class=\"wp-block-heading\">Varf\u00f6r valde Propellernet att engagera sig i SME Climate Hub? Vilka \u00e4r de fr\u00e4msta f\u00f6rdelarna ni ser hittills? <\/h5>\n\n<p>Jag hittade SME Climate Hub via FN:s Race to Zero. Det var ett av de f\u00f6rsta l\u00f6ftena vi gjorde. Det \u00e4r bra att k\u00e4nna sig som en del av en r\u00f6relse av likasinnade f\u00f6retag. Vi fokuserar nu p\u00e5 att dela kunskap med liknande f\u00f6retag i v\u00e5r sektor \u2013 digitala\/teknik\/tj\u00e4nster \u2013 och har bildat andra n\u00e4tverk som kompletterar SME Climate Hubs arbete. Jag hoppas p\u00e5 en m\u00f6jlighet att arbeta med andra givare i v\u00e5r sektor.    <\/p>\n\n<p><\/p>\n\n<p>Sm\u00e5f\u00f6retag som Propellernet ger ov\u00e4rderliga insikter p\u00e5 resan mot nettonollutsl\u00e4pp. \u00c4r du intresserad av att dela med dig av din egen klimatresa f\u00f6r att eventuellt inkludera den i rampljuset? Ber\u00e4tta f\u00f6r oss hur du arbetar med att minska utsl\u00e4ppen idag via det h\u00e4r <a href=\"https:\/\/www.surveymonkey.com\/r\/5BJJ9QW\">korta formul\u00e4ret<\/a> .    <\/p>\n","protected":false},"excerpt":{"rendered":"<p>Som digital marknadsf\u00f6ringsbyr\u00e5 har Brighton-baserade Propellernet naturligtvis l\u00e4gre utsl\u00e4pp \u00e4n f\u00f6retag av samma storlek inom en annan sektor, s\u00e5som bygg eller tillverkning. Deras utsl\u00e4pp kommer fr\u00e4mst fr\u00e5n kontorsproduktion, teknikinfrastruktur och Scope 3-utsl\u00e4pp, inklusive saker som de varor de k\u00f6per eller anst\u00e4lldas resor. N\u00e4r det var dags att utv\u00e4rdera och minska sina utsl\u00e4pp begr\u00e4nsade de sig [&hellip;]<\/p>\n","protected":false},"author":10027,"featured_media":33600,"comment_status":"closed","ping_status":"closed","sticky":false,"template":"","format":"standard","meta":{"_acf_changed":false,"inline_featured_image":false,"footnotes":""},"categories":[169],"tags":[],"class_list":["post-86527","post","type-post","status-publish","format-standard","has-post-thumbnail","hentry","category-sme-sv"],"acf":[],"yoast_head":"<title>Bortom Netto Zero: Hur den digitala marknadsf\u00f6ringsbyr\u00e5n Propellernet n\u00e5r l\u00e4ngre \u00e4n sina egna utsl\u00e4pp - SME Climate Hub<\/title>\n<meta name=\"robots\" content=\"index, follow, max-snippet:-1, max-image-preview:large, max-video-preview:-1\" \/>\n<link rel=\"canonical\" href=\"https:\/\/smeclimatehub.org\/sv\/bortom-netto-zero-hur-den-digitala-marknadsforingsbyran-propellernet-nar-langre-an-sina-egna-utslapp\/\" \/>\n<meta property=\"og:locale\" content=\"sv_SE\" \/>\n<meta property=\"og:type\" content=\"article\" \/>\n<meta property=\"og:title\" content=\"Bortom Netto Zero: Hur den digitala marknadsf\u00f6ringsbyr\u00e5n Propellernet n\u00e5r l\u00e4ngre \u00e4n sina egna utsl\u00e4pp - SME Climate Hub\" \/>\n<meta property=\"og:description\" content=\"Som digital marknadsf\u00f6ringsbyr\u00e5 har Brighton-baserade Propellernet naturligtvis l\u00e4gre utsl\u00e4pp \u00e4n f\u00f6retag av samma storlek inom en annan sektor, s\u00e5som bygg eller tillverkning. Deras utsl\u00e4pp kommer fr\u00e4mst fr\u00e5n kontorsproduktion, teknikinfrastruktur och Scope 3-utsl\u00e4pp, inklusive saker som de varor de k\u00f6per eller anst\u00e4lldas resor. N\u00e4r det var dags att utv\u00e4rdera och minska sina utsl\u00e4pp begr\u00e4nsade de sig [&hellip;]\" \/>\n<meta property=\"og:url\" content=\"https:\/\/smeclimatehub.org\/sv\/bortom-netto-zero-hur-den-digitala-marknadsforingsbyran-propellernet-nar-langre-an-sina-egna-utslapp\/\" \/>\n<meta property=\"og:site_name\" content=\"SME Climate Hub\" \/>\n<meta property=\"article:published_time\" content=\"2021-09-01T14:16:02+00:00\" \/>\n<meta property=\"article:modified_time\" content=\"2025-08-01T09:29:29+00:00\" \/>\n<meta property=\"og:image\" content=\"https:\/\/smeclimatehub.org\/wp-content\/uploads\/2021\/09\/Screen-Shot-2021-09-01-at-12.53.02-PM.png\" \/>\n\t<meta property=\"og:image:width\" content=\"752\" \/>\n\t<meta property=\"og:image:height\" content=\"428\" \/>\n\t<meta property=\"og:image:type\" content=\"image\/png\" \/>\n<meta name=\"author\" content=\"adel.eskic\" \/>\n<meta name=\"twitter:card\" content=\"summary_large_image\" \/>\n<meta name=\"twitter:label1\" content=\"Written by\" \/>\n\t<meta name=\"twitter:data1\" content=\"adel.eskic\" \/>\n\t<meta name=\"twitter:label2\" content=\"Est. reading time\" \/>\n\t<meta name=\"twitter:data2\" content=\"9 minuter\" \/>\n<script type=\"application\/ld+json\" class=\"yoast-schema-graph\">{\"@context\":\"https:\/\/schema.org\",\"@graph\":[{\"@type\":\"Article\",\"@id\":\"https:\/\/smeclimatehub.org\/sv\/bortom-netto-zero-hur-den-digitala-marknadsforingsbyran-propellernet-nar-langre-an-sina-egna-utslapp\/#article\",\"isPartOf\":{\"@id\":\"https:\/\/smeclimatehub.org\/sv\/bortom-netto-zero-hur-den-digitala-marknadsforingsbyran-propellernet-nar-langre-an-sina-egna-utslapp\/\"},\"author\":{\"name\":\"adel.eskic\",\"@id\":\"https:\/\/businessclimatehub.org\/es\/#\/schema\/person\/a892d1e3d11b36e9af66621ece50f6d1\"},\"headline\":\"Bortom Netto Zero: Hur den digitala marknadsf\u00f6ringsbyr\u00e5n Propellernet n\u00e5r l\u00e4ngre \u00e4n sina egna utsl\u00e4pp\",\"datePublished\":\"2021-09-01T14:16:02+00:00\",\"dateModified\":\"2025-08-01T09:29:29+00:00\",\"mainEntityOfPage\":{\"@id\":\"https:\/\/smeclimatehub.org\/sv\/bortom-netto-zero-hur-den-digitala-marknadsforingsbyran-propellernet-nar-langre-an-sina-egna-utslapp\/\"},\"wordCount\":1835,\"publisher\":{\"@id\":\"https:\/\/businessclimatehub.org\/es\/#organization\"},\"image\":{\"@id\":\"https:\/\/smeclimatehub.org\/sv\/bortom-netto-zero-hur-den-digitala-marknadsforingsbyran-propellernet-nar-langre-an-sina-egna-utslapp\/#primaryimage\"},\"thumbnailUrl\":\"https:\/\/smeclimatehub.org\/wp-content\/uploads\/2021\/09\/Screen-Shot-2021-09-01-at-12.53.02-PM.png\",\"articleSection\":[\"SME Stories\"],\"inLanguage\":\"sv-SE\"},{\"@type\":\"WebPage\",\"@id\":\"https:\/\/smeclimatehub.org\/sv\/bortom-netto-zero-hur-den-digitala-marknadsforingsbyran-propellernet-nar-langre-an-sina-egna-utslapp\/\",\"url\":\"https:\/\/smeclimatehub.org\/sv\/bortom-netto-zero-hur-den-digitala-marknadsforingsbyran-propellernet-nar-langre-an-sina-egna-utslapp\/\",\"name\":\"Bortom Netto Zero: Hur den digitala marknadsf\u00f6ringsbyr\u00e5n Propellernet n\u00e5r l\u00e4ngre \u00e4n sina egna utsl\u00e4pp - SME Climate Hub\",\"isPartOf\":{\"@id\":\"https:\/\/businessclimatehub.org\/es\/#website\"},\"primaryImageOfPage\":{\"@id\":\"https:\/\/smeclimatehub.org\/sv\/bortom-netto-zero-hur-den-digitala-marknadsforingsbyran-propellernet-nar-langre-an-sina-egna-utslapp\/#primaryimage\"},\"image\":{\"@id\":\"https:\/\/smeclimatehub.org\/sv\/bortom-netto-zero-hur-den-digitala-marknadsforingsbyran-propellernet-nar-langre-an-sina-egna-utslapp\/#primaryimage\"},\"thumbnailUrl\":\"https:\/\/smeclimatehub.org\/wp-content\/uploads\/2021\/09\/Screen-Shot-2021-09-01-at-12.53.02-PM.png\",\"datePublished\":\"2021-09-01T14:16:02+00:00\",\"dateModified\":\"2025-08-01T09:29:29+00:00\",\"breadcrumb\":{\"@id\":\"https:\/\/smeclimatehub.org\/sv\/bortom-netto-zero-hur-den-digitala-marknadsforingsbyran-propellernet-nar-langre-an-sina-egna-utslapp\/#breadcrumb\"},\"inLanguage\":\"sv-SE\",\"potentialAction\":[{\"@type\":\"ReadAction\",\"target\":[\"https:\/\/smeclimatehub.org\/sv\/bortom-netto-zero-hur-den-digitala-marknadsforingsbyran-propellernet-nar-langre-an-sina-egna-utslapp\/\"]}]},{\"@type\":\"ImageObject\",\"inLanguage\":\"sv-SE\",\"@id\":\"https:\/\/smeclimatehub.org\/sv\/bortom-netto-zero-hur-den-digitala-marknadsforingsbyran-propellernet-nar-langre-an-sina-egna-utslapp\/#primaryimage\",\"url\":\"https:\/\/smeclimatehub.org\/wp-content\/uploads\/2021\/09\/Screen-Shot-2021-09-01-at-12.53.02-PM.png\",\"contentUrl\":\"https:\/\/smeclimatehub.org\/wp-content\/uploads\/2021\/09\/Screen-Shot-2021-09-01-at-12.53.02-PM.png\",\"width\":752,\"height\":428},{\"@type\":\"BreadcrumbList\",\"@id\":\"https:\/\/smeclimatehub.org\/sv\/bortom-netto-zero-hur-den-digitala-marknadsforingsbyran-propellernet-nar-langre-an-sina-egna-utslapp\/#breadcrumb\",\"itemListElement\":[{\"@type\":\"ListItem\",\"position\":1,\"name\":\"Home\",\"item\":\"https:\/\/smeclimatehub.org\/sv\/\"},{\"@type\":\"ListItem\",\"position\":2,\"name\":\"Bortom Netto Zero: Hur den digitala marknadsf\u00f6ringsbyr\u00e5n Propellernet n\u00e5r l\u00e4ngre \u00e4n sina egna utsl\u00e4pp\"}]},{\"@type\":\"WebSite\",\"@id\":\"https:\/\/businessclimatehub.org\/es\/#website\",\"url\":\"https:\/\/businessclimatehub.org\/es\/\",\"name\":\"SME Climate hub\",\"description\":\"\",\"publisher\":{\"@id\":\"https:\/\/businessclimatehub.org\/es\/#organization\"},\"potentialAction\":[{\"@type\":\"SearchAction\",\"target\":{\"@type\":\"EntryPoint\",\"urlTemplate\":\"https:\/\/businessclimatehub.org\/es\/?s={search_term_string}\"},\"query-input\":{\"@type\":\"PropertyValueSpecification\",\"valueRequired\":true,\"valueName\":\"search_term_string\"}}],\"inLanguage\":\"sv-SE\"},{\"@type\":\"Organization\",\"@id\":\"https:\/\/businessclimatehub.org\/es\/#organization\",\"name\":\"SME Climate hub\",\"url\":\"https:\/\/businessclimatehub.org\/es\/\",\"logo\":{\"@type\":\"ImageObject\",\"inLanguage\":\"sv-SE\",\"@id\":\"https:\/\/businessclimatehub.org\/es\/#\/schema\/logo\/image\/\",\"url\":\"https:\/\/smeclimatehub.org\/wp-content\/uploads\/2025\/03\/smeLogo-1.png\",\"contentUrl\":\"https:\/\/smeclimatehub.org\/wp-content\/uploads\/2025\/03\/smeLogo-1.png\",\"width\":465,\"height\":245,\"caption\":\"SME Climate hub\"},\"image\":{\"@id\":\"https:\/\/businessclimatehub.org\/es\/#\/schema\/logo\/image\/\"}},{\"@type\":\"Person\",\"@id\":\"https:\/\/businessclimatehub.org\/es\/#\/schema\/person\/a892d1e3d11b36e9af66621ece50f6d1\",\"name\":\"adel.eskic\",\"image\":{\"@type\":\"ImageObject\",\"inLanguage\":\"sv-SE\",\"@id\":\"https:\/\/businessclimatehub.org\/es\/#\/schema\/person\/image\/\",\"url\":\"https:\/\/secure.gravatar.com\/avatar\/c6d0600e135ce420973af3f30adcbef6b3fd43e864e4beed4a1efcafb74d504f?s=96&d=mm&r=g\",\"contentUrl\":\"https:\/\/secure.gravatar.com\/avatar\/c6d0600e135ce420973af3f30adcbef6b3fd43e864e4beed4a1efcafb74d504f?s=96&d=mm&r=g\",\"caption\":\"adel.eskic\"},\"sameAs\":[\"http:\/\/www.serious-fun.se\"],\"url\":\"https:\/\/smeclimatehub.org\/sv\/author\/adel-eskic\/\"}]}<\/script>","yoast_head_json":{"title":"Bortom Netto Zero: Hur den digitala marknadsf\u00f6ringsbyr\u00e5n Propellernet n\u00e5r l\u00e4ngre \u00e4n sina egna utsl\u00e4pp - SME Climate Hub","robots":{"index":"index","follow":"follow","max-snippet":"max-snippet:-1","max-image-preview":"max-image-preview:large","max-video-preview":"max-video-preview:-1"},"canonical":"https:\/\/smeclimatehub.org\/sv\/bortom-netto-zero-hur-den-digitala-marknadsforingsbyran-propellernet-nar-langre-an-sina-egna-utslapp\/","og_locale":"sv_SE","og_type":"article","og_title":"Bortom Netto Zero: Hur den digitala marknadsf\u00f6ringsbyr\u00e5n Propellernet n\u00e5r l\u00e4ngre \u00e4n sina egna utsl\u00e4pp - SME Climate Hub","og_description":"Som digital marknadsf\u00f6ringsbyr\u00e5 har Brighton-baserade Propellernet naturligtvis l\u00e4gre utsl\u00e4pp \u00e4n f\u00f6retag av samma storlek inom en annan sektor, s\u00e5som bygg eller tillverkning. Deras utsl\u00e4pp kommer fr\u00e4mst fr\u00e5n kontorsproduktion, teknikinfrastruktur och Scope 3-utsl\u00e4pp, inklusive saker som de varor de k\u00f6per eller anst\u00e4lldas resor. N\u00e4r det var dags att utv\u00e4rdera och minska sina utsl\u00e4pp begr\u00e4nsade de sig [&hellip;]","og_url":"https:\/\/smeclimatehub.org\/sv\/bortom-netto-zero-hur-den-digitala-marknadsforingsbyran-propellernet-nar-langre-an-sina-egna-utslapp\/","og_site_name":"SME Climate Hub","article_published_time":"2021-09-01T14:16:02+00:00","article_modified_time":"2025-08-01T09:29:29+00:00","og_image":[{"width":752,"height":428,"url":"https:\/\/smeclimatehub.org\/wp-content\/uploads\/2021\/09\/Screen-Shot-2021-09-01-at-12.53.02-PM.png","type":"image\/png"}],"author":"adel.eskic","twitter_card":"summary_large_image","twitter_misc":{"Written by":"adel.eskic","Est. reading time":"9 minuter"},"schema":{"@context":"https:\/\/schema.org","@graph":[{"@type":"Article","@id":"https:\/\/smeclimatehub.org\/sv\/bortom-netto-zero-hur-den-digitala-marknadsforingsbyran-propellernet-nar-langre-an-sina-egna-utslapp\/#article","isPartOf":{"@id":"https:\/\/smeclimatehub.org\/sv\/bortom-netto-zero-hur-den-digitala-marknadsforingsbyran-propellernet-nar-langre-an-sina-egna-utslapp\/"},"author":{"name":"adel.eskic","@id":"https:\/\/businessclimatehub.org\/es\/#\/schema\/person\/a892d1e3d11b36e9af66621ece50f6d1"},"headline":"Bortom Netto Zero: Hur den digitala marknadsf\u00f6ringsbyr\u00e5n Propellernet n\u00e5r l\u00e4ngre \u00e4n sina egna utsl\u00e4pp","datePublished":"2021-09-01T14:16:02+00:00","dateModified":"2025-08-01T09:29:29+00:00","mainEntityOfPage":{"@id":"https:\/\/smeclimatehub.org\/sv\/bortom-netto-zero-hur-den-digitala-marknadsforingsbyran-propellernet-nar-langre-an-sina-egna-utslapp\/"},"wordCount":1835,"publisher":{"@id":"https:\/\/businessclimatehub.org\/es\/#organization"},"image":{"@id":"https:\/\/smeclimatehub.org\/sv\/bortom-netto-zero-hur-den-digitala-marknadsforingsbyran-propellernet-nar-langre-an-sina-egna-utslapp\/#primaryimage"},"thumbnailUrl":"https:\/\/smeclimatehub.org\/wp-content\/uploads\/2021\/09\/Screen-Shot-2021-09-01-at-12.53.02-PM.png","articleSection":["SME Stories"],"inLanguage":"sv-SE"},{"@type":"WebPage","@id":"https:\/\/smeclimatehub.org\/sv\/bortom-netto-zero-hur-den-digitala-marknadsforingsbyran-propellernet-nar-langre-an-sina-egna-utslapp\/","url":"https:\/\/smeclimatehub.org\/sv\/bortom-netto-zero-hur-den-digitala-marknadsforingsbyran-propellernet-nar-langre-an-sina-egna-utslapp\/","name":"Bortom Netto Zero: Hur den digitala marknadsf\u00f6ringsbyr\u00e5n Propellernet n\u00e5r l\u00e4ngre \u00e4n sina egna utsl\u00e4pp - SME Climate Hub","isPartOf":{"@id":"https:\/\/businessclimatehub.org\/es\/#website"},"primaryImageOfPage":{"@id":"https:\/\/smeclimatehub.org\/sv\/bortom-netto-zero-hur-den-digitala-marknadsforingsbyran-propellernet-nar-langre-an-sina-egna-utslapp\/#primaryimage"},"image":{"@id":"https:\/\/smeclimatehub.org\/sv\/bortom-netto-zero-hur-den-digitala-marknadsforingsbyran-propellernet-nar-langre-an-sina-egna-utslapp\/#primaryimage"},"thumbnailUrl":"https:\/\/smeclimatehub.org\/wp-content\/uploads\/2021\/09\/Screen-Shot-2021-09-01-at-12.53.02-PM.png","datePublished":"2021-09-01T14:16:02+00:00","dateModified":"2025-08-01T09:29:29+00:00","breadcrumb":{"@id":"https:\/\/smeclimatehub.org\/sv\/bortom-netto-zero-hur-den-digitala-marknadsforingsbyran-propellernet-nar-langre-an-sina-egna-utslapp\/#breadcrumb"},"inLanguage":"sv-SE","potentialAction":[{"@type":"ReadAction","target":["https:\/\/smeclimatehub.org\/sv\/bortom-netto-zero-hur-den-digitala-marknadsforingsbyran-propellernet-nar-langre-an-sina-egna-utslapp\/"]}]},{"@type":"ImageObject","inLanguage":"sv-SE","@id":"https:\/\/smeclimatehub.org\/sv\/bortom-netto-zero-hur-den-digitala-marknadsforingsbyran-propellernet-nar-langre-an-sina-egna-utslapp\/#primaryimage","url":"https:\/\/smeclimatehub.org\/wp-content\/uploads\/2021\/09\/Screen-Shot-2021-09-01-at-12.53.02-PM.png","contentUrl":"https:\/\/smeclimatehub.org\/wp-content\/uploads\/2021\/09\/Screen-Shot-2021-09-01-at-12.53.02-PM.png","width":752,"height":428},{"@type":"BreadcrumbList","@id":"https:\/\/smeclimatehub.org\/sv\/bortom-netto-zero-hur-den-digitala-marknadsforingsbyran-propellernet-nar-langre-an-sina-egna-utslapp\/#breadcrumb","itemListElement":[{"@type":"ListItem","position":1,"name":"Home","item":"https:\/\/smeclimatehub.org\/sv\/"},{"@type":"ListItem","position":2,"name":"Bortom Netto Zero: Hur den digitala marknadsf\u00f6ringsbyr\u00e5n Propellernet n\u00e5r l\u00e4ngre \u00e4n sina egna utsl\u00e4pp"}]},{"@type":"WebSite","@id":"https:\/\/businessclimatehub.org\/es\/#website","url":"https:\/\/businessclimatehub.org\/es\/","name":"SME Climate hub","description":"","publisher":{"@id":"https:\/\/businessclimatehub.org\/es\/#organization"},"potentialAction":[{"@type":"SearchAction","target":{"@type":"EntryPoint","urlTemplate":"https:\/\/businessclimatehub.org\/es\/?s={search_term_string}"},"query-input":{"@type":"PropertyValueSpecification","valueRequired":true,"valueName":"search_term_string"}}],"inLanguage":"sv-SE"},{"@type":"Organization","@id":"https:\/\/businessclimatehub.org\/es\/#organization","name":"SME Climate hub","url":"https:\/\/businessclimatehub.org\/es\/","logo":{"@type":"ImageObject","inLanguage":"sv-SE","@id":"https:\/\/businessclimatehub.org\/es\/#\/schema\/logo\/image\/","url":"https:\/\/smeclimatehub.org\/wp-content\/uploads\/2025\/03\/smeLogo-1.png","contentUrl":"https:\/\/smeclimatehub.org\/wp-content\/uploads\/2025\/03\/smeLogo-1.png","width":465,"height":245,"caption":"SME Climate hub"},"image":{"@id":"https:\/\/businessclimatehub.org\/es\/#\/schema\/logo\/image\/"}},{"@type":"Person","@id":"https:\/\/businessclimatehub.org\/es\/#\/schema\/person\/a892d1e3d11b36e9af66621ece50f6d1","name":"adel.eskic","image":{"@type":"ImageObject","inLanguage":"sv-SE","@id":"https:\/\/businessclimatehub.org\/es\/#\/schema\/person\/image\/","url":"https:\/\/secure.gravatar.com\/avatar\/c6d0600e135ce420973af3f30adcbef6b3fd43e864e4beed4a1efcafb74d504f?s=96&d=mm&r=g","contentUrl":"https:\/\/secure.gravatar.com\/avatar\/c6d0600e135ce420973af3f30adcbef6b3fd43e864e4beed4a1efcafb74d504f?s=96&d=mm&r=g","caption":"adel.eskic"},"sameAs":["http:\/\/www.serious-fun.se"],"url":"https:\/\/smeclimatehub.org\/sv\/author\/adel-eskic\/"}]}},"_links":{"self":[{"href":"https:\/\/smeclimatehub.org\/sv\/wp-json\/wp\/v2\/posts\/86527","targetHints":{"allow":["GET"]}}],"collection":[{"href":"https:\/\/smeclimatehub.org\/sv\/wp-json\/wp\/v2\/posts"}],"about":[{"href":"https:\/\/smeclimatehub.org\/sv\/wp-json\/wp\/v2\/types\/post"}],"author":[{"embeddable":true,"href":"https:\/\/smeclimatehub.org\/sv\/wp-json\/wp\/v2\/users\/10027"}],"replies":[{"embeddable":true,"href":"https:\/\/smeclimatehub.org\/sv\/wp-json\/wp\/v2\/comments?post=86527"}],"version-history":[{"count":0,"href":"https:\/\/smeclimatehub.org\/sv\/wp-json\/wp\/v2\/posts\/86527\/revisions"}],"wp:featuredmedia":[{"embeddable":true,"href":"https:\/\/smeclimatehub.org\/sv\/wp-json\/wp\/v2\/media\/33600"}],"wp:attachment":[{"href":"https:\/\/smeclimatehub.org\/sv\/wp-json\/wp\/v2\/media?parent=86527"}],"wp:term":[{"taxonomy":"category","embeddable":true,"href":"https:\/\/smeclimatehub.org\/sv\/wp-json\/wp\/v2\/categories?post=86527"},{"taxonomy":"post_tag","embeddable":true,"href":"https:\/\/smeclimatehub.org\/sv\/wp-json\/wp\/v2\/tags?post=86527"}],"curies":[{"name":"wp","href":"https:\/\/api.w.org\/{rel}","templated":true}]}}