
{"id":86528,"date":"2021-09-21T10:24:35","date_gmt":"2021-09-21T09:24:35","guid":{"rendered":"https:\/\/smeclimatehub.org\/riskkapitalfonden-talis-capital-fokuserar-pa-portfoljbolag-med-noll-nettoavkastningsmal\/"},"modified":"2025-08-01T10:28:53","modified_gmt":"2025-08-01T09:28:53","slug":"riskkapitalfonden-talis-capital-fokuserar-pa-portfoljbolag-med-noll-nettoavkastningsmal","status":"publish","type":"post","link":"https:\/\/smeclimatehub.org\/sv\/riskkapitalfonden-talis-capital-fokuserar-pa-portfoljbolag-med-noll-nettoavkastningsmal\/","title":{"rendered":"Riskkapitalfonden Talis Capital fokuserar p\u00e5 portf\u00f6ljbolag med noll nettoavkastningsm\u00e5l"},"content":{"rendered":"\n<p><\/p>\n\n<figure class=\"wp-block-image size-large is-resized\"><img loading=\"lazy\" decoding=\"async\" src=\"https:\/\/smeclimatehub.org\/wp-content\/uploads\/2021\/09\/image-1024x468.png\" alt=\"\" class=\"wp-image-5886\" width=\"734\" height=\"335\" srcset=\"https:\/\/smeclimatehub.org\/wp-content\/uploads\/2021\/09\/image-1024x468.png 1024w, https:\/\/smeclimatehub.org\/wp-content\/uploads\/2021\/09\/image-300x137.png 300w, https:\/\/smeclimatehub.org\/wp-content\/uploads\/2021\/09\/image-768x351.png 768w, https:\/\/smeclimatehub.org\/wp-content\/uploads\/2021\/09\/image-960x439.png 960w, https:\/\/smeclimatehub.org\/wp-content\/uploads\/2021\/09\/image-570x261.png 570w, https:\/\/smeclimatehub.org\/wp-content\/uploads\/2021\/09\/image-330x151.png 330w, https:\/\/smeclimatehub.org\/wp-content\/uploads\/2021\/09\/image-195x89.png 195w, https:\/\/smeclimatehub.org\/wp-content\/uploads\/2021\/09\/image-150x69.png 150w, https:\/\/smeclimatehub.org\/wp-content\/uploads\/2021\/09\/image.png 1124w\" sizes=\"auto, (max-width: 734px) 100vw, 734px\" \/><\/figure>\n\n<p><meta charset=\"utf-8\"\/>Den Londonbaserade riskkapitalfonden Talis Capital \u00e4r ett litet team p\u00e5 16 personer \u2013 men med \u00f6ver 55 portf\u00f6ljbolag runt om i v\u00e4rlden har deras klimatambition en st\u00f6rre inverkan \u00e4n inom deras egna v\u00e4ggar. Med ett m\u00e5l om nettonollutsl\u00e4pp till 2030 g\u00f6r f\u00f6retaget redan betydande framsteg f\u00f6r att uppn\u00e5 dessa m\u00e5l och f\u00f6reg\u00e5r med gott exempel f\u00f6r sina investeringsbolag l\u00e4ngs v\u00e4gen. Vi pratade nyligen med Talis f\u00f6r att diskutera hur klimat\u00e5tg\u00e4rder blev en central del av deras verksamhet \u2013 b\u00e5de inom deras eget f\u00f6retag och deras portf\u00f6lj \u2013 och hur SME Climate Hub driver deras m\u00e5l fram\u00e5t.    <br\/><br\/><strong>Vad inspirerade ert f\u00f6retag att vidta klimat\u00e5tg\u00e4rder? Varf\u00f6r tycker ni att det \u00e4r viktigt? <\/strong> <br\/>Som riskkapitalfond har vi en unik m\u00f6jlighet att investera i framtidens f\u00f6retag. Vi kan inte beg\u00e4ra att v\u00e5ra portf\u00f6ljbolag ska bygga h\u00e5llbara f\u00f6retag om vi inte sj\u00e4lva \u00e4r det. Klimatkrisens allvar inneb\u00e4r att det nu \u00e4r dags f\u00f6r effektiva och konkreta \u00e5tg\u00e4rder. Vi arbetar internt f\u00f6r att minska och mildra de negativa konsekvenserna av klimatf\u00f6r\u00e4ndringarna och st\u00f6djer v\u00e5ra portf\u00f6ljbolag att g\u00f6ra detsamma.  <br\/> <br\/><strong>Vilken roll b\u00f6r sm\u00e5f\u00f6retag spela i kampen mot nettonollutsl\u00e4pp?<\/strong><br\/> Sm\u00e5f\u00f6retag \u00e4r avg\u00f6rande i kampen mot nettonollutsl\u00e4pp. Utan massmobilisering kan vi inte n\u00e5 alla delar av branschen och uppfylla det akuta behovet av att minska koldioxidutsl\u00e4ppen i v\u00e5r ekonomi. Att uppn\u00e5 nettonollutsl\u00e4pp kr\u00e4ver en gemensam anstr\u00e4ngning fr\u00e5n f\u00f6retag fr\u00e5n alla olika branscher.<br\/>  <br\/><strong>Hur minskar er organisation utsl\u00e4ppen nu? Hur g\u00f6r dessa \u00e5tg\u00e4rder det m\u00f6jligt f\u00f6r ert f\u00f6retag att vara p\u00e5 r\u00e4tt v\u00e4g mot att halvera utsl\u00e4ppen till 2030? V\u00e4nligen ange detaljer s\u00e5som procentuella minskningar, bas\u00e5r och framsteg fr\u00e5n \u00e5r till \u00e5r om till\u00e4mpligt.<\/strong> <br\/>Under det senaste \u00e5ret har Talis genomf\u00f6rt flera \u00e5tg\u00e4rder f\u00f6r att minska v\u00e5ra utsl\u00e4pp. Vi arbetar med att minska v\u00e5ra utsl\u00e4pp fr\u00e5n ett basniv\u00e5v\u00e4rde p\u00e5 141,95 tCo2e f\u00f6r 2019\u20132020, \u00e4ven om vi inser att granskningen av v\u00e5ra Scope 3-utsl\u00e4pp har varit begr\u00e4nsad. Fr\u00e5n och med 2020\u20132021 har vi minskat v\u00e5ra utsl\u00e4pp med 50 % j\u00e4mf\u00f6rt med v\u00e5rt basniv\u00e5v\u00e4rde f\u00f6r 2019\u20132020 till 70,53 tCo2e. Under det senaste \u00e5ret har vi implementerat en smart termostat f\u00f6r att minska kostnaderna f\u00f6r uppv\u00e4rmning och kylning n\u00e4r vi \u00e4r p\u00e5 kontoret. Under det senaste \u00e5ret har Talis ocks\u00e5 implementerat en policy f\u00f6r hemarbete, vilket g\u00f6r det m\u00f6jligt f\u00f6r anst\u00e4llda att arbeta hemifr\u00e5n tv\u00e5 dagar i veckan. Vi har sett ett starkt upptag fr\u00e5n v\u00e5rt cykla-till-arbete-program, d\u00e4r majoriteten av v\u00e5ra anst\u00e4llda g\u00e5r eller cyklar till jobbet. Vi har ocks\u00e5 anv\u00e4nt gr\u00f6n energi i m\u00e5nga \u00e5r genom Bulb.<\/p>\n\n<figure class=\"wp-block-image size-large\"><img loading=\"lazy\" decoding=\"async\" width=\"768\" height=\"1024\" src=\"https:\/\/smeclimatehub.org\/wp-content\/uploads\/2021\/09\/image-3-768x1024.jpeg\" alt=\"\" class=\"wp-image-5887\" srcset=\"https:\/\/smeclimatehub.org\/wp-content\/uploads\/2021\/09\/image-3-768x1024.jpeg 768w, https:\/\/smeclimatehub.org\/wp-content\/uploads\/2021\/09\/image-3-225x300.jpeg 225w, https:\/\/smeclimatehub.org\/wp-content\/uploads\/2021\/09\/image-3-1152x1536.jpeg 1152w, https:\/\/smeclimatehub.org\/wp-content\/uploads\/2021\/09\/image-3-960x1280.jpeg 960w, https:\/\/smeclimatehub.org\/wp-content\/uploads\/2021\/09\/image-3-1140x1520.jpeg 1140w, https:\/\/smeclimatehub.org\/wp-content\/uploads\/2021\/09\/image-3-570x760.jpeg 570w, https:\/\/smeclimatehub.org\/wp-content\/uploads\/2021\/09\/image-3-330x440.jpeg 330w, https:\/\/smeclimatehub.org\/wp-content\/uploads\/2021\/09\/image-3-195x260.jpeg 195w, https:\/\/smeclimatehub.org\/wp-content\/uploads\/2021\/09\/image-3-150x200.jpeg 150w, https:\/\/smeclimatehub.org\/wp-content\/uploads\/2021\/09\/image-3.jpeg 1200w\" sizes=\"auto, (max-width: 768px) 100vw, 768px\" \/><\/figure>\n\n<p><strong>Vilka \u00e4r dina planer f\u00f6r 2022 f\u00f6r att ytterligare minska dina utsl\u00e4pp?<\/strong> <\/p>\n\n<p>F\u00f6r 2022 planerar vi att g\u00f6ra en djupare f\u00f6rst\u00e5else av Scope 3-utsl\u00e4pp och unders\u00f6ka utsl\u00e4ppen fr\u00e5n investeringar, vilka vi f\u00f6rv\u00e4ntar oss kommer att utg\u00f6ra en stor del av v\u00e5ra investeringar. Vi tror att dessa kommer att utg\u00f6ra majoriteten av v\u00e5ra utsl\u00e4pp. Vi planerar ocks\u00e5 att se \u00f6ver v\u00e5ra ink\u00f6p av varor och tj\u00e4nster och implementera en policy f\u00f6r h\u00e5llbara leverant\u00f6rer.  <\/p>\n\n<p><strong>N\u00e4r kommer ert f\u00f6retag att n\u00e5 m\u00e5len f\u00f6r nettonollavkastning? Hur l\u00e5ngt har f\u00f6retaget kommit nu? <\/strong> <\/p>\n\n<p>I linje med SME Climate Hub har vi \u00e5tagit oss att halvera v\u00e5ra koldioxidutsl\u00e4pp till 2030 och n\u00e5 &#8221;nettonollutsl\u00e4pp&#8221; till 2050. \u00c4ven om vi redan har halverat v\u00e5ra utsl\u00e4pp fr\u00e5n v\u00e5rt basv\u00e4rde f\u00f6r 2019\u20132020, f\u00f6rv\u00e4ntar vi oss att pandemin har snedvridit v\u00e5ra data f\u00f6r 2020\u20132021 p\u00e5 grund av heltidsarbete hemifr\u00e5n och inga aff\u00e4rsresor. Med en mer grundlig granskning av v\u00e5ra Scope 3-utsl\u00e4pp kommer vi att kunna fastst\u00e4lla ett b\u00e4ttre basv\u00e4rde. <\/p>\n\n<figure class=\"wp-block-image size-large\"><img loading=\"lazy\" decoding=\"async\" width=\"1024\" height=\"683\" src=\"https:\/\/smeclimatehub.org\/wp-content\/uploads\/2021\/09\/image-4-1024x683.jpeg\" alt=\"\" class=\"wp-image-5889\" srcset=\"https:\/\/smeclimatehub.org\/wp-content\/uploads\/2021\/09\/image-4-1024x683.jpeg 1024w, https:\/\/smeclimatehub.org\/wp-content\/uploads\/2021\/09\/image-4-300x200.jpeg 300w, https:\/\/smeclimatehub.org\/wp-content\/uploads\/2021\/09\/image-4-768x512.jpeg 768w, https:\/\/smeclimatehub.org\/wp-content\/uploads\/2021\/09\/image-4-1536x1024.jpeg 1536w, https:\/\/smeclimatehub.org\/wp-content\/uploads\/2021\/09\/image-4-960x640.jpeg 960w, https:\/\/smeclimatehub.org\/wp-content\/uploads\/2021\/09\/image-4-1140x760.jpeg 1140w, https:\/\/smeclimatehub.org\/wp-content\/uploads\/2021\/09\/image-4-570x380.jpeg 570w, https:\/\/smeclimatehub.org\/wp-content\/uploads\/2021\/09\/image-4-330x220.jpeg 330w, https:\/\/smeclimatehub.org\/wp-content\/uploads\/2021\/09\/image-4-195x130.jpeg 195w, https:\/\/smeclimatehub.org\/wp-content\/uploads\/2021\/09\/image-4-150x100.jpeg 150w, https:\/\/smeclimatehub.org\/wp-content\/uploads\/2021\/09\/image-4.jpeg 1600w\" sizes=\"auto, (max-width: 1024px) 100vw, 1024px\" \/><figcaption>Emily Wood, stabschef<\/figcaption><\/figure>\n\n<p><strong>Vilket st\u00f6d beh\u00f6ver ni f\u00f6r att vidta kraftfulla klimat\u00e5tg\u00e4rder? Vad beh\u00f6ver ni fr\u00e5n politik\/regering, multinationella f\u00f6retag eller till och med era kunder? <\/strong> <\/p>\n\n<p>Det \u00e4r viktigt att sm\u00e5f\u00f6retag f\u00e5r st\u00f6d f\u00f6r klimat\u00e5tg\u00e4rder. S\u00e4rskilt att m\u00e4ta utsl\u00e4pp och utveckla nettonollstrategier kan vara utmanande f\u00f6r dem som inte \u00e4r experter p\u00e5 \u00e4mnet. SME Climate Hub \u00e4r ett utm\u00e4rkt verktyg f\u00f6r att f\u00f6renkla processen mot nettonollutsl\u00e4pp. Sm\u00e5 och medelstora f\u00f6retag beh\u00f6ver mer r\u00e5d om vilka bidrag de \u00e4r ber\u00e4ttigade till f\u00f6r att hj\u00e4lpa dem att st\u00e4lla om till att fatta st\u00f6rre beslut kring klimat\u00e5tg\u00e4rder.  <\/p>\n\n<p><strong>Varf\u00f6r gick ert f\u00f6retag med i SME Climate Hub? Hur har initiativet gynnat er i er klimat\u00e5tg\u00e4rdsresa hittills? Hur anv\u00e4nder ni dess verktyg och resurser?  <\/strong> <\/p>\n\n<p>Vi gick med i SME Climate Hub f\u00f6r att g\u00f6ra ett konkret \u00e5tagande till klimat\u00e5tg\u00e4rder. Dessutom \u00e4r resurserna p\u00e5 SME Climate mycket hj\u00e4lpsamma f\u00f6r att bryta ner \u00e4mnet och introducera det till n\u00e5gra av v\u00e5ra portf\u00f6ljbolag. Det kan vanligtvis vara l\u00e4tt att bli \u00f6verv\u00e4ldigad av alla olika resurser f\u00f6r att m\u00e4ta sina koldioxidutsl\u00e4pp och utforma en minskningsstrategi. SME Climate Hub bryter ner detta p\u00e5 ett l\u00e4ttf\u00f6rst\u00e5eligt s\u00e4tt f\u00f6r de som \u00e4r nya inom \u00e4mnet.<\/p>\n\n<figure class=\"wp-block-image size-large\"><img loading=\"lazy\" decoding=\"async\" width=\"1024\" height=\"546\" src=\"https:\/\/smeclimatehub.org\/wp-content\/uploads\/2021\/09\/image-5-1024x546.jpeg\" alt=\"\" class=\"wp-image-5890\" srcset=\"https:\/\/smeclimatehub.org\/wp-content\/uploads\/2021\/09\/image-5-1024x546.jpeg 1024w, https:\/\/smeclimatehub.org\/wp-content\/uploads\/2021\/09\/image-5-300x160.jpeg 300w, https:\/\/smeclimatehub.org\/wp-content\/uploads\/2021\/09\/image-5-768x409.jpeg 768w, https:\/\/smeclimatehub.org\/wp-content\/uploads\/2021\/09\/image-5-1536x819.jpeg 1536w, https:\/\/smeclimatehub.org\/wp-content\/uploads\/2021\/09\/image-5-960x512.jpeg 960w, https:\/\/smeclimatehub.org\/wp-content\/uploads\/2021\/09\/image-5-1140x608.jpeg 1140w, https:\/\/smeclimatehub.org\/wp-content\/uploads\/2021\/09\/image-5-570x304.jpeg 570w, https:\/\/smeclimatehub.org\/wp-content\/uploads\/2021\/09\/image-5-330x176.jpeg 330w, https:\/\/smeclimatehub.org\/wp-content\/uploads\/2021\/09\/image-5-195x104.jpeg 195w, https:\/\/smeclimatehub.org\/wp-content\/uploads\/2021\/09\/image-5-150x80.jpeg 150w, https:\/\/smeclimatehub.org\/wp-content\/uploads\/2021\/09\/image-5.jpeg 1600w\" sizes=\"auto, (max-width: 1024px) 100vw, 1024px\" \/><figcaption>Serena Taylor, ESG-p\u00e5verkansansvarig<\/figcaption><\/figure>\n\n<p><strong>Vilka r\u00e5d har du till andra sm\u00e5f\u00f6retag inom din bransch som siktar p\u00e5 att p\u00e5b\u00f6rja sin klimatresa?<\/strong> <\/p>\n\n<p>Mitt r\u00e5d till andra sm\u00e5 VC\/PE-investeringsfonder \u00e4r att ta er tid att identifiera stegen mot noll-netto f\u00f6r ert f\u00f6retag. F\u00f6rs\u00f6k inte springa innan ni kan g\u00e5. L\u00e5t er inte heller skr\u00e4mmas av jargongen kring noll-netto\u00f6verg\u00e5ngen. Kontakta experter, evenemang och resurser p\u00e5 SME Climate Hub f\u00f6r att utbilda er om stegen f\u00f6r att skapa en noll-nettopolicy och ett \u00e5tagande. Viktigast av allt, genomf\u00f6r f\u00f6r\u00e4ndring inom er sj\u00e4lva som f\u00f6retag och engagera sedan er portf\u00f6lj i detta \u00e4mne.  <\/p>\n\n<p>Sm\u00e5f\u00f6retag som Talis Capital ger ov\u00e4rderliga insikter p\u00e5 resan mot nettonollutsl\u00e4pp. \u00c4r du intresserad av att dela med dig av din egen klimatresa f\u00f6r att eventuellt inkludera den i rampljuset? Ber\u00e4tta f\u00f6r oss hur du arbetar med att minska utsl\u00e4ppen idag via det h\u00e4r <a href=\"https:\/\/www.surveymonkey.com\/r\/5BJJ9QW\" target=\"_blank\" rel=\"noreferrer noopener\">korta formul\u00e4ret<\/a> , s\u00e5 h\u00f6r vi av oss.    <\/p>\n","protected":false},"excerpt":{"rendered":"<p>Den Londonbaserade riskkapitalfonden Talis Capital \u00e4r ett litet team p\u00e5 16 personer \u2013 men med \u00f6ver 55 portf\u00f6ljbolag runt om i v\u00e4rlden har deras klimatambition en st\u00f6rre inverkan \u00e4n inom deras egna v\u00e4ggar. Med ett m\u00e5l om nettonollutsl\u00e4pp till 2030 g\u00f6r f\u00f6retaget redan betydande framsteg f\u00f6r att uppn\u00e5 dessa m\u00e5l och f\u00f6reg\u00e5r med gott exempel [&hellip;]<\/p>\n","protected":false},"author":10027,"featured_media":34833,"comment_status":"closed","ping_status":"closed","sticky":false,"template":"","format":"standard","meta":{"_acf_changed":false,"inline_featured_image":false,"footnotes":""},"categories":[169],"tags":[],"class_list":["post-86528","post","type-post","status-publish","format-standard","has-post-thumbnail","hentry","category-sme-sv"],"acf":[],"yoast_head":"<title>Riskkapitalfonden Talis Capital fokuserar p\u00e5 portf\u00f6ljbolag med noll nettoavkastningsm\u00e5l - SME Climate Hub<\/title>\n<meta name=\"robots\" content=\"index, follow, max-snippet:-1, max-image-preview:large, max-video-preview:-1\" \/>\n<link rel=\"canonical\" href=\"https:\/\/smeclimatehub.org\/sv\/riskkapitalfonden-talis-capital-fokuserar-pa-portfoljbolag-med-noll-nettoavkastningsmal\/\" \/>\n<meta property=\"og:locale\" content=\"sv_SE\" \/>\n<meta property=\"og:type\" content=\"article\" \/>\n<meta property=\"og:title\" content=\"Riskkapitalfonden Talis Capital fokuserar p\u00e5 portf\u00f6ljbolag med noll nettoavkastningsm\u00e5l - SME Climate Hub\" \/>\n<meta property=\"og:description\" content=\"Den Londonbaserade riskkapitalfonden Talis Capital \u00e4r ett litet team p\u00e5 16 personer \u2013 men med \u00f6ver 55 portf\u00f6ljbolag runt om i v\u00e4rlden har deras klimatambition en st\u00f6rre inverkan \u00e4n inom deras egna v\u00e4ggar. Med ett m\u00e5l om nettonollutsl\u00e4pp till 2030 g\u00f6r f\u00f6retaget redan betydande framsteg f\u00f6r att uppn\u00e5 dessa m\u00e5l och f\u00f6reg\u00e5r med gott exempel [&hellip;]\" \/>\n<meta property=\"og:url\" content=\"https:\/\/smeclimatehub.org\/sv\/riskkapitalfonden-talis-capital-fokuserar-pa-portfoljbolag-med-noll-nettoavkastningsmal\/\" \/>\n<meta property=\"og:site_name\" content=\"SME Climate Hub\" \/>\n<meta property=\"article:published_time\" content=\"2021-09-21T09:24:35+00:00\" \/>\n<meta property=\"article:modified_time\" content=\"2025-08-01T09:28:53+00:00\" \/>\n<meta property=\"og:image\" content=\"https:\/\/smeclimatehub.org\/wp-content\/uploads\/2021\/09\/image-3.jpeg\" \/>\n\t<meta property=\"og:image:width\" content=\"1200\" \/>\n\t<meta property=\"og:image:height\" content=\"1600\" \/>\n\t<meta property=\"og:image:type\" content=\"image\/jpeg\" \/>\n<meta name=\"author\" content=\"adel.eskic\" \/>\n<meta name=\"twitter:card\" content=\"summary_large_image\" \/>\n<meta name=\"twitter:label1\" content=\"Written by\" \/>\n\t<meta name=\"twitter:data1\" content=\"adel.eskic\" \/>\n\t<meta name=\"twitter:label2\" content=\"Est. reading time\" \/>\n\t<meta name=\"twitter:data2\" content=\"6 minuter\" \/>\n<script type=\"application\/ld+json\" class=\"yoast-schema-graph\">{\"@context\":\"https:\/\/schema.org\",\"@graph\":[{\"@type\":\"Article\",\"@id\":\"https:\/\/smeclimatehub.org\/sv\/riskkapitalfonden-talis-capital-fokuserar-pa-portfoljbolag-med-noll-nettoavkastningsmal\/#article\",\"isPartOf\":{\"@id\":\"https:\/\/smeclimatehub.org\/sv\/riskkapitalfonden-talis-capital-fokuserar-pa-portfoljbolag-med-noll-nettoavkastningsmal\/\"},\"author\":{\"name\":\"adel.eskic\",\"@id\":\"https:\/\/businessclimatehub.org\/es\/#\/schema\/person\/a892d1e3d11b36e9af66621ece50f6d1\"},\"headline\":\"Riskkapitalfonden Talis Capital fokuserar p\u00e5 portf\u00f6ljbolag med noll nettoavkastningsm\u00e5l\",\"datePublished\":\"2021-09-21T09:24:35+00:00\",\"dateModified\":\"2025-08-01T09:28:53+00:00\",\"mainEntityOfPage\":{\"@id\":\"https:\/\/smeclimatehub.org\/sv\/riskkapitalfonden-talis-capital-fokuserar-pa-portfoljbolag-med-noll-nettoavkastningsmal\/\"},\"wordCount\":1154,\"publisher\":{\"@id\":\"https:\/\/businessclimatehub.org\/es\/#organization\"},\"image\":{\"@id\":\"https:\/\/smeclimatehub.org\/sv\/riskkapitalfonden-talis-capital-fokuserar-pa-portfoljbolag-med-noll-nettoavkastningsmal\/#primaryimage\"},\"thumbnailUrl\":\"https:\/\/smeclimatehub.org\/wp-content\/uploads\/2021\/09\/image-3.jpeg\",\"articleSection\":[\"SME Stories\"],\"inLanguage\":\"sv-SE\"},{\"@type\":\"WebPage\",\"@id\":\"https:\/\/smeclimatehub.org\/sv\/riskkapitalfonden-talis-capital-fokuserar-pa-portfoljbolag-med-noll-nettoavkastningsmal\/\",\"url\":\"https:\/\/smeclimatehub.org\/sv\/riskkapitalfonden-talis-capital-fokuserar-pa-portfoljbolag-med-noll-nettoavkastningsmal\/\",\"name\":\"Riskkapitalfonden Talis Capital fokuserar p\u00e5 portf\u00f6ljbolag med noll nettoavkastningsm\u00e5l - SME Climate Hub\",\"isPartOf\":{\"@id\":\"https:\/\/businessclimatehub.org\/es\/#website\"},\"primaryImageOfPage\":{\"@id\":\"https:\/\/smeclimatehub.org\/sv\/riskkapitalfonden-talis-capital-fokuserar-pa-portfoljbolag-med-noll-nettoavkastningsmal\/#primaryimage\"},\"image\":{\"@id\":\"https:\/\/smeclimatehub.org\/sv\/riskkapitalfonden-talis-capital-fokuserar-pa-portfoljbolag-med-noll-nettoavkastningsmal\/#primaryimage\"},\"thumbnailUrl\":\"https:\/\/smeclimatehub.org\/wp-content\/uploads\/2021\/09\/image-3.jpeg\",\"datePublished\":\"2021-09-21T09:24:35+00:00\",\"dateModified\":\"2025-08-01T09:28:53+00:00\",\"breadcrumb\":{\"@id\":\"https:\/\/smeclimatehub.org\/sv\/riskkapitalfonden-talis-capital-fokuserar-pa-portfoljbolag-med-noll-nettoavkastningsmal\/#breadcrumb\"},\"inLanguage\":\"sv-SE\",\"potentialAction\":[{\"@type\":\"ReadAction\",\"target\":[\"https:\/\/smeclimatehub.org\/sv\/riskkapitalfonden-talis-capital-fokuserar-pa-portfoljbolag-med-noll-nettoavkastningsmal\/\"]}]},{\"@type\":\"ImageObject\",\"inLanguage\":\"sv-SE\",\"@id\":\"https:\/\/smeclimatehub.org\/sv\/riskkapitalfonden-talis-capital-fokuserar-pa-portfoljbolag-med-noll-nettoavkastningsmal\/#primaryimage\",\"url\":\"https:\/\/smeclimatehub.org\/wp-content\/uploads\/2021\/09\/image-3.jpeg\",\"contentUrl\":\"https:\/\/smeclimatehub.org\/wp-content\/uploads\/2021\/09\/image-3.jpeg\",\"width\":1200,\"height\":1600},{\"@type\":\"BreadcrumbList\",\"@id\":\"https:\/\/smeclimatehub.org\/sv\/riskkapitalfonden-talis-capital-fokuserar-pa-portfoljbolag-med-noll-nettoavkastningsmal\/#breadcrumb\",\"itemListElement\":[{\"@type\":\"ListItem\",\"position\":1,\"name\":\"Home\",\"item\":\"https:\/\/smeclimatehub.org\/sv\/\"},{\"@type\":\"ListItem\",\"position\":2,\"name\":\"Riskkapitalfonden Talis Capital fokuserar p\u00e5 portf\u00f6ljbolag med noll nettoavkastningsm\u00e5l\"}]},{\"@type\":\"WebSite\",\"@id\":\"https:\/\/businessclimatehub.org\/es\/#website\",\"url\":\"https:\/\/businessclimatehub.org\/es\/\",\"name\":\"SME Climate hub\",\"description\":\"\",\"publisher\":{\"@id\":\"https:\/\/businessclimatehub.org\/es\/#organization\"},\"potentialAction\":[{\"@type\":\"SearchAction\",\"target\":{\"@type\":\"EntryPoint\",\"urlTemplate\":\"https:\/\/businessclimatehub.org\/es\/?s={search_term_string}\"},\"query-input\":{\"@type\":\"PropertyValueSpecification\",\"valueRequired\":true,\"valueName\":\"search_term_string\"}}],\"inLanguage\":\"sv-SE\"},{\"@type\":\"Organization\",\"@id\":\"https:\/\/businessclimatehub.org\/es\/#organization\",\"name\":\"SME Climate hub\",\"url\":\"https:\/\/businessclimatehub.org\/es\/\",\"logo\":{\"@type\":\"ImageObject\",\"inLanguage\":\"sv-SE\",\"@id\":\"https:\/\/businessclimatehub.org\/es\/#\/schema\/logo\/image\/\",\"url\":\"https:\/\/smeclimatehub.org\/wp-content\/uploads\/2025\/03\/smeLogo-1.png\",\"contentUrl\":\"https:\/\/smeclimatehub.org\/wp-content\/uploads\/2025\/03\/smeLogo-1.png\",\"width\":465,\"height\":245,\"caption\":\"SME Climate hub\"},\"image\":{\"@id\":\"https:\/\/businessclimatehub.org\/es\/#\/schema\/logo\/image\/\"}},{\"@type\":\"Person\",\"@id\":\"https:\/\/businessclimatehub.org\/es\/#\/schema\/person\/a892d1e3d11b36e9af66621ece50f6d1\",\"name\":\"adel.eskic\",\"image\":{\"@type\":\"ImageObject\",\"inLanguage\":\"sv-SE\",\"@id\":\"https:\/\/businessclimatehub.org\/es\/#\/schema\/person\/image\/\",\"url\":\"https:\/\/secure.gravatar.com\/avatar\/c6d0600e135ce420973af3f30adcbef6b3fd43e864e4beed4a1efcafb74d504f?s=96&d=mm&r=g\",\"contentUrl\":\"https:\/\/secure.gravatar.com\/avatar\/c6d0600e135ce420973af3f30adcbef6b3fd43e864e4beed4a1efcafb74d504f?s=96&d=mm&r=g\",\"caption\":\"adel.eskic\"},\"sameAs\":[\"http:\/\/www.serious-fun.se\"],\"url\":\"https:\/\/smeclimatehub.org\/sv\/author\/adel-eskic\/\"}]}<\/script>","yoast_head_json":{"title":"Riskkapitalfonden Talis Capital fokuserar p\u00e5 portf\u00f6ljbolag med noll nettoavkastningsm\u00e5l - SME Climate Hub","robots":{"index":"index","follow":"follow","max-snippet":"max-snippet:-1","max-image-preview":"max-image-preview:large","max-video-preview":"max-video-preview:-1"},"canonical":"https:\/\/smeclimatehub.org\/sv\/riskkapitalfonden-talis-capital-fokuserar-pa-portfoljbolag-med-noll-nettoavkastningsmal\/","og_locale":"sv_SE","og_type":"article","og_title":"Riskkapitalfonden Talis Capital fokuserar p\u00e5 portf\u00f6ljbolag med noll nettoavkastningsm\u00e5l - SME Climate Hub","og_description":"Den Londonbaserade riskkapitalfonden Talis Capital \u00e4r ett litet team p\u00e5 16 personer \u2013 men med \u00f6ver 55 portf\u00f6ljbolag runt om i v\u00e4rlden har deras klimatambition en st\u00f6rre inverkan \u00e4n inom deras egna v\u00e4ggar. Med ett m\u00e5l om nettonollutsl\u00e4pp till 2030 g\u00f6r f\u00f6retaget redan betydande framsteg f\u00f6r att uppn\u00e5 dessa m\u00e5l och f\u00f6reg\u00e5r med gott exempel [&hellip;]","og_url":"https:\/\/smeclimatehub.org\/sv\/riskkapitalfonden-talis-capital-fokuserar-pa-portfoljbolag-med-noll-nettoavkastningsmal\/","og_site_name":"SME Climate Hub","article_published_time":"2021-09-21T09:24:35+00:00","article_modified_time":"2025-08-01T09:28:53+00:00","og_image":[{"width":1200,"height":1600,"url":"https:\/\/smeclimatehub.org\/wp-content\/uploads\/2021\/09\/image-3.jpeg","type":"image\/jpeg"}],"author":"adel.eskic","twitter_card":"summary_large_image","twitter_misc":{"Written by":"adel.eskic","Est. reading time":"6 minuter"},"schema":{"@context":"https:\/\/schema.org","@graph":[{"@type":"Article","@id":"https:\/\/smeclimatehub.org\/sv\/riskkapitalfonden-talis-capital-fokuserar-pa-portfoljbolag-med-noll-nettoavkastningsmal\/#article","isPartOf":{"@id":"https:\/\/smeclimatehub.org\/sv\/riskkapitalfonden-talis-capital-fokuserar-pa-portfoljbolag-med-noll-nettoavkastningsmal\/"},"author":{"name":"adel.eskic","@id":"https:\/\/businessclimatehub.org\/es\/#\/schema\/person\/a892d1e3d11b36e9af66621ece50f6d1"},"headline":"Riskkapitalfonden Talis Capital fokuserar p\u00e5 portf\u00f6ljbolag med noll nettoavkastningsm\u00e5l","datePublished":"2021-09-21T09:24:35+00:00","dateModified":"2025-08-01T09:28:53+00:00","mainEntityOfPage":{"@id":"https:\/\/smeclimatehub.org\/sv\/riskkapitalfonden-talis-capital-fokuserar-pa-portfoljbolag-med-noll-nettoavkastningsmal\/"},"wordCount":1154,"publisher":{"@id":"https:\/\/businessclimatehub.org\/es\/#organization"},"image":{"@id":"https:\/\/smeclimatehub.org\/sv\/riskkapitalfonden-talis-capital-fokuserar-pa-portfoljbolag-med-noll-nettoavkastningsmal\/#primaryimage"},"thumbnailUrl":"https:\/\/smeclimatehub.org\/wp-content\/uploads\/2021\/09\/image-3.jpeg","articleSection":["SME Stories"],"inLanguage":"sv-SE"},{"@type":"WebPage","@id":"https:\/\/smeclimatehub.org\/sv\/riskkapitalfonden-talis-capital-fokuserar-pa-portfoljbolag-med-noll-nettoavkastningsmal\/","url":"https:\/\/smeclimatehub.org\/sv\/riskkapitalfonden-talis-capital-fokuserar-pa-portfoljbolag-med-noll-nettoavkastningsmal\/","name":"Riskkapitalfonden Talis Capital fokuserar p\u00e5 portf\u00f6ljbolag med noll nettoavkastningsm\u00e5l - SME Climate Hub","isPartOf":{"@id":"https:\/\/businessclimatehub.org\/es\/#website"},"primaryImageOfPage":{"@id":"https:\/\/smeclimatehub.org\/sv\/riskkapitalfonden-talis-capital-fokuserar-pa-portfoljbolag-med-noll-nettoavkastningsmal\/#primaryimage"},"image":{"@id":"https:\/\/smeclimatehub.org\/sv\/riskkapitalfonden-talis-capital-fokuserar-pa-portfoljbolag-med-noll-nettoavkastningsmal\/#primaryimage"},"thumbnailUrl":"https:\/\/smeclimatehub.org\/wp-content\/uploads\/2021\/09\/image-3.jpeg","datePublished":"2021-09-21T09:24:35+00:00","dateModified":"2025-08-01T09:28:53+00:00","breadcrumb":{"@id":"https:\/\/smeclimatehub.org\/sv\/riskkapitalfonden-talis-capital-fokuserar-pa-portfoljbolag-med-noll-nettoavkastningsmal\/#breadcrumb"},"inLanguage":"sv-SE","potentialAction":[{"@type":"ReadAction","target":["https:\/\/smeclimatehub.org\/sv\/riskkapitalfonden-talis-capital-fokuserar-pa-portfoljbolag-med-noll-nettoavkastningsmal\/"]}]},{"@type":"ImageObject","inLanguage":"sv-SE","@id":"https:\/\/smeclimatehub.org\/sv\/riskkapitalfonden-talis-capital-fokuserar-pa-portfoljbolag-med-noll-nettoavkastningsmal\/#primaryimage","url":"https:\/\/smeclimatehub.org\/wp-content\/uploads\/2021\/09\/image-3.jpeg","contentUrl":"https:\/\/smeclimatehub.org\/wp-content\/uploads\/2021\/09\/image-3.jpeg","width":1200,"height":1600},{"@type":"BreadcrumbList","@id":"https:\/\/smeclimatehub.org\/sv\/riskkapitalfonden-talis-capital-fokuserar-pa-portfoljbolag-med-noll-nettoavkastningsmal\/#breadcrumb","itemListElement":[{"@type":"ListItem","position":1,"name":"Home","item":"https:\/\/smeclimatehub.org\/sv\/"},{"@type":"ListItem","position":2,"name":"Riskkapitalfonden Talis Capital fokuserar p\u00e5 portf\u00f6ljbolag med noll nettoavkastningsm\u00e5l"}]},{"@type":"WebSite","@id":"https:\/\/businessclimatehub.org\/es\/#website","url":"https:\/\/businessclimatehub.org\/es\/","name":"SME Climate hub","description":"","publisher":{"@id":"https:\/\/businessclimatehub.org\/es\/#organization"},"potentialAction":[{"@type":"SearchAction","target":{"@type":"EntryPoint","urlTemplate":"https:\/\/businessclimatehub.org\/es\/?s={search_term_string}"},"query-input":{"@type":"PropertyValueSpecification","valueRequired":true,"valueName":"search_term_string"}}],"inLanguage":"sv-SE"},{"@type":"Organization","@id":"https:\/\/businessclimatehub.org\/es\/#organization","name":"SME Climate hub","url":"https:\/\/businessclimatehub.org\/es\/","logo":{"@type":"ImageObject","inLanguage":"sv-SE","@id":"https:\/\/businessclimatehub.org\/es\/#\/schema\/logo\/image\/","url":"https:\/\/smeclimatehub.org\/wp-content\/uploads\/2025\/03\/smeLogo-1.png","contentUrl":"https:\/\/smeclimatehub.org\/wp-content\/uploads\/2025\/03\/smeLogo-1.png","width":465,"height":245,"caption":"SME Climate hub"},"image":{"@id":"https:\/\/businessclimatehub.org\/es\/#\/schema\/logo\/image\/"}},{"@type":"Person","@id":"https:\/\/businessclimatehub.org\/es\/#\/schema\/person\/a892d1e3d11b36e9af66621ece50f6d1","name":"adel.eskic","image":{"@type":"ImageObject","inLanguage":"sv-SE","@id":"https:\/\/businessclimatehub.org\/es\/#\/schema\/person\/image\/","url":"https:\/\/secure.gravatar.com\/avatar\/c6d0600e135ce420973af3f30adcbef6b3fd43e864e4beed4a1efcafb74d504f?s=96&d=mm&r=g","contentUrl":"https:\/\/secure.gravatar.com\/avatar\/c6d0600e135ce420973af3f30adcbef6b3fd43e864e4beed4a1efcafb74d504f?s=96&d=mm&r=g","caption":"adel.eskic"},"sameAs":["http:\/\/www.serious-fun.se"],"url":"https:\/\/smeclimatehub.org\/sv\/author\/adel-eskic\/"}]}},"_links":{"self":[{"href":"https:\/\/smeclimatehub.org\/sv\/wp-json\/wp\/v2\/posts\/86528","targetHints":{"allow":["GET"]}}],"collection":[{"href":"https:\/\/smeclimatehub.org\/sv\/wp-json\/wp\/v2\/posts"}],"about":[{"href":"https:\/\/smeclimatehub.org\/sv\/wp-json\/wp\/v2\/types\/post"}],"author":[{"embeddable":true,"href":"https:\/\/smeclimatehub.org\/sv\/wp-json\/wp\/v2\/users\/10027"}],"replies":[{"embeddable":true,"href":"https:\/\/smeclimatehub.org\/sv\/wp-json\/wp\/v2\/comments?post=86528"}],"version-history":[{"count":0,"href":"https:\/\/smeclimatehub.org\/sv\/wp-json\/wp\/v2\/posts\/86528\/revisions"}],"wp:featuredmedia":[{"embeddable":true,"href":"https:\/\/smeclimatehub.org\/sv\/wp-json\/wp\/v2\/media\/34833"}],"wp:attachment":[{"href":"https:\/\/smeclimatehub.org\/sv\/wp-json\/wp\/v2\/media?parent=86528"}],"wp:term":[{"taxonomy":"category","embeddable":true,"href":"https:\/\/smeclimatehub.org\/sv\/wp-json\/wp\/v2\/categories?post=86528"},{"taxonomy":"post_tag","embeddable":true,"href":"https:\/\/smeclimatehub.org\/sv\/wp-json\/wp\/v2\/tags?post=86528"}],"curies":[{"name":"wp","href":"https:\/\/api.w.org\/{rel}","templated":true}]}}