
{"id":86529,"date":"2021-07-21T14:39:43","date_gmt":"2021-07-21T13:39:43","guid":{"rendered":"https:\/\/smeclimatehub.org\/ekko-prioriterar-klimatatgarder-och-finner-gemenskap-i-klimathubben-for-sma-och-medelstora-foretag\/"},"modified":"2025-09-15T22:23:09","modified_gmt":"2025-09-15T21:23:09","slug":"ekko-prioriterar-klimatatgarder-och-finner-gemenskap-i-klimathubben-for-sma-och-medelstora-foretag","status":"publish","type":"post","link":"https:\/\/smeclimatehub.org\/sv\/ekko-prioriterar-klimatatgarder-och-finner-gemenskap-i-klimathubben-for-sma-och-medelstora-foretag\/","title":{"rendered":"ekko prioriterar klimat\u00e5tg\u00e4rder och finner gemenskap i klimathubben f\u00f6r sm\u00e5 och medelstora f\u00f6retag"},"content":{"rendered":"\n<p class=\"has-text-align-left\" style=\"font-size:19px\"><em>Det nyligen lanserade finansiella tj\u00e4nstef\u00f6retaget f\u00f6renklar konsumenternas klimat\u00e5tg\u00e4rder och f\u00f6rlitar sig p\u00e5 gemenskapen och resurserna hos SME Climate Hub.<\/em><\/p>\n\n<p style=\"font-size:18px\">Sedan lanseringen i september 2020 har \u00f6ver 1 600 sm\u00e5 och medelstora f\u00f6retag runt om i v\u00e4rlden anslutit sig till SME Climate Hub och tagit en tydlig st\u00e4llning f\u00f6r klimat\u00e5tg\u00e4rder och den prioritet som utsl\u00e4ppsminskning har f\u00f6r deras f\u00f6retag. N\u00e5gra av dessa f\u00f6retag vidtar klimat\u00e5tg\u00e4rder f\u00f6r f\u00f6rsta g\u00e5ngen; vissa har arbetat mot dessa m\u00e5l i \u00e5ratal; och vissa har byggt hela aff\u00e4rsmodeller kring nettonollprioriteringar. Bland SME Climate Hub-communityn finns det ocks\u00e5 f\u00f6retag som g\u00e5r bortom de nettonollm\u00e5l som \u00e4r inbyggda i sina aff\u00e4rsmodeller f\u00f6r att skapa en dominoeffekt i samh\u00e4llet.  <\/p>\n\n<p style=\"font-size:18px\"><a href=\"http:\/\/www.joinekko.earth\/\" target=\"_blank\" rel=\"noreferrer noopener\">ekko<\/a> , en nyligen lanserad app, betalkorts- och handelsplattform, faller inom den sista kategorin av f\u00f6retag och har en mycket st\u00f6rre inverkan \u00e4n inom sina egna v\u00e4ggar.  <\/p>\n\n<figure class=\"wp-block-image size-large\"><img loading=\"lazy\" decoding=\"async\" width=\"1024\" height=\"576\" src=\"https:\/\/smeclimatehub.org\/wp-content\/uploads\/2021\/07\/ekko_poster-1024x576.jpeg\" alt=\"\" class=\"wp-image-4159\" srcset=\"https:\/\/smeclimatehub.org\/wp-content\/uploads\/2021\/07\/ekko_poster-1024x576.jpeg 1024w, https:\/\/smeclimatehub.org\/wp-content\/uploads\/2021\/07\/ekko_poster-300x169.jpeg 300w, https:\/\/smeclimatehub.org\/wp-content\/uploads\/2021\/07\/ekko_poster-768x432.jpeg 768w, https:\/\/smeclimatehub.org\/wp-content\/uploads\/2021\/07\/ekko_poster-1536x864.jpeg 1536w, https:\/\/smeclimatehub.org\/wp-content\/uploads\/2021\/07\/ekko_poster-960x540.jpeg 960w, https:\/\/smeclimatehub.org\/wp-content\/uploads\/2021\/07\/ekko_poster-1140x641.jpeg 1140w, https:\/\/smeclimatehub.org\/wp-content\/uploads\/2021\/07\/ekko_poster-570x321.jpeg 570w, https:\/\/smeclimatehub.org\/wp-content\/uploads\/2021\/07\/ekko_poster-330x186.jpeg 330w, https:\/\/smeclimatehub.org\/wp-content\/uploads\/2021\/07\/ekko_poster-195x110.jpeg 195w, https:\/\/smeclimatehub.org\/wp-content\/uploads\/2021\/07\/ekko_poster-150x84.jpeg 150w, https:\/\/smeclimatehub.org\/wp-content\/uploads\/2021\/07\/ekko_poster.jpeg 1920w\" sizes=\"auto, (max-width: 1024px) 100vw, 1024px\" \/><\/figure>\n\n<p style=\"font-size:18px\">Genom sitt betalkortserbjudande g\u00f6r ekko det enkelt f\u00f6r alla att ha en positiv inverkan p\u00e5 v\u00e4rlden. Genom att handla med ekko f\u00f6rvandlas transaktioner till planterade tr\u00e4d och plastflaskor som samlas in och \u00e5tervinns innan de n\u00e5r v\u00e5ra hav \u2013 en klimataktivists tolkning av po\u00e4ngsystemet. Anv\u00e4ndare kan sp\u00e5ra sitt banksaldo, koldioxidavtryck och sin egen personliga skogs- och flaskr\u00e4kning genom ekko-appen. I framtiden kommer ekko att introducera kunder till h\u00e5llbara produkter och tj\u00e4nster via ekkos marknadsplats och bygga ett helt ekosystem av milj\u00f6fokuserade f\u00f6retag.   <\/p>\n\n<p style=\"font-size:18px\">SME Climate Hub pratade nyligen med Oli Cook, VD och medgrundare p\u00e5 Ekko, f\u00f6r att l\u00e4ra sig mer om det nystartade f\u00f6retaget \u2013 och hur de banar v\u00e4g f\u00f6r klimatcentrerade ink\u00f6p och lutar sig mot SME Climate Hub som en gemenskap av likasinnade f\u00f6retag.  <\/p>\n\n<figure class=\"wp-block-image is-resized\"><img loading=\"lazy\" decoding=\"async\" src=\"https:\/\/smeclimatehub.org\/wp-content\/uploads\/2021\/07\/oli-ekko-picture-1024x1024.png\" alt=\"\" class=\"wp-image-4171\" width=\"840\" height=\"840\" srcset=\"https:\/\/smeclimatehub.org\/wp-content\/uploads\/2021\/07\/oli-ekko-picture-1024x1024.png 1024w, https:\/\/smeclimatehub.org\/wp-content\/uploads\/2021\/07\/oli-ekko-picture-300x300.png 300w, https:\/\/smeclimatehub.org\/wp-content\/uploads\/2021\/07\/oli-ekko-picture-150x150.png 150w, https:\/\/smeclimatehub.org\/wp-content\/uploads\/2021\/07\/oli-ekko-picture-768x768.png 768w, https:\/\/smeclimatehub.org\/wp-content\/uploads\/2021\/07\/oli-ekko-picture-960x960.png 960w, https:\/\/smeclimatehub.org\/wp-content\/uploads\/2021\/07\/oli-ekko-picture-1140x1140.png 1140w, https:\/\/smeclimatehub.org\/wp-content\/uploads\/2021\/07\/oli-ekko-picture-570x570.png 570w, https:\/\/smeclimatehub.org\/wp-content\/uploads\/2021\/07\/oli-ekko-picture-330x330.png 330w, https:\/\/smeclimatehub.org\/wp-content\/uploads\/2021\/07\/oli-ekko-picture-195x195.png 195w, https:\/\/smeclimatehub.org\/wp-content\/uploads\/2021\/07\/oli-ekko-picture.png 1350w\" sizes=\"auto, (max-width: 840px) 100vw, 840px\" \/><\/figure>\n\n<h2 class=\"wp-block-heading\"><em>Att bygga en verksamhet med fokus p\u00e5 klimat\u00e5tg\u00e4rder.<\/em><\/h2>\n\n<p style=\"font-size:19px\"><em><em>Varf\u00f6r grundades Ekko?<\/em><\/em><\/p>\n\n<p style=\"font-size:18px\">ekko grundades kring en sm\u00e4rtsam men \u00e4rlig insikt. \u00c4ven om jag bryr mig om klimatf\u00f6r\u00e4ndringarna, gjorde jag inte min del och tyckte det var sv\u00e5rt att veta hur jag ens skulle g\u00f6ra en personlig skillnad i det hektiska liv jag lever med arbete, familj och v\u00e4nner.   <\/p>\n\n<p style=\"font-size:18px\">Med ekko bygger vi inte bara ett f\u00f6retag som hj\u00e4lper mig som konsument att g\u00f6ra lite b\u00e4ttre ifr\u00e5n oss, utan vi kan ocks\u00e5 f\u00f6rst\u00e4rka v\u00e5r inverkan genom att hj\u00e4lpa andra som befinner sig i samma situation.  <\/p>\n\n<p style=\"font-size:18px\">Jag var inte ensam om den k\u00e4nslan; faktum \u00e4r att alla fyra medgrundarna hade samma sm\u00e4rtsamma insikt (p\u00e5 en pub, d\u00e4r alla bra f\u00f6retag grundas!) och det var d\u00e4r ekko f\u00f6ddes.  <\/p>\n\n<p style=\"font-size:19px\"><em><em>Vad \u00e4r den l\u00e5ngsiktiga visionen f\u00f6r ekko?<\/em> <\/em><\/p>\n\n<p style=\"font-size:18px\">Vi vill forts\u00e4tta hitta s\u00e4tt att g\u00f6ra det enkelt f\u00f6r m\u00e4nniskor att f\u00f6rst\u00e5 sitt koldioxidavtryck och g\u00f6ra en positiv inverkan p\u00e5 v\u00e4rlden. V\u00e5rt m\u00e5l under de kommande fem \u00e5ren \u00e4r att v\u00e5ra kunder ska plantera \u00f6ver 50 miljoner tr\u00e4d och f\u00f6rhindra att \u00f6ver 500 miljoner flaskor hamnar i v\u00e5ra hav.   <\/p>\n\n<p style=\"font-size:18px\">Vi b\u00f6rjar med ett betalkort f\u00f6r konsumenter, men det finns mycket sp\u00e4nnande vi arbetar med f\u00f6r konsumenter och f\u00f6retag som vi kommer att testa mycket snart.  <\/p>\n\n<p style=\"font-size:19px\"><em><em>Hur samarbetar ekko med Mastercard? Kan du ber\u00e4tta om deras m\u00e5l med partnerskapet? <\/em> <\/em><\/p>\n\n<p style=\"font-size:18px\">Mastercard \u00e4r en av v\u00e5ra strategiska partners, och vi \u00e4r det f\u00f6rsta brittiska fintech-f\u00f6retaget som g\u00e5r med i den globala Mastercard Priceless Planet Coalition. Vi samarbetar p\u00e5 m\u00e5nga s\u00e4tt, men framf\u00f6r allt planteras v\u00e5ra kunders tr\u00e4d genom denna koalition. Det betyder att vi planterar r\u00e4tt tr\u00e4d, vid r\u00e4tt tidpunkt och p\u00e5 r\u00e4tt platser f\u00f6r att f\u00e5 st\u00f6rsta m\u00f6jliga inverkan. Dessa tr\u00e4d underh\u00e5lls och v\u00e5rdas i 5 \u00e5r f\u00f6r att s\u00e4kerst\u00e4lla att de \u00f6verlever de f\u00f6rsta \u00e5ren och forts\u00e4tter att bidra till att minska koldioxidutsl\u00e4ppen.     <\/p>\n\n<p style=\"font-size:18px\">Jag har uppt\u00e4ckt att det finns ett antal partners f\u00f6r tr\u00e4dplantering, men de \u00e4r inte alla lika. Genom koalitionen \u00e4r vi \u00f6vertygade om att vi kan f\u00e5 st\u00f6rsta m\u00f6jliga inverkan.   <\/p>\n\n<h2 class=\"wp-block-heading\" style=\"font-size:28px\">G\u00e5 med i SME Climate Hub \u2013 och utnyttja dess resurser f\u00f6r att \u00f6ka effekten och bygga upp f\u00f6retagens motst\u00e5ndskraft  <\/h2>\n\n<figure class=\"wp-block-image size-large\"><img loading=\"lazy\" decoding=\"async\" width=\"1024\" height=\"512\" src=\"https:\/\/smeclimatehub.org\/wp-content\/uploads\/2021\/07\/Ekko-Quote-Cards.jpg\" alt=\"\" class=\"wp-image-4167\" srcset=\"https:\/\/smeclimatehub.org\/wp-content\/uploads\/2021\/07\/Ekko-Quote-Cards.jpg 1024w, https:\/\/smeclimatehub.org\/wp-content\/uploads\/2021\/07\/Ekko-Quote-Cards-300x150.jpg 300w, https:\/\/smeclimatehub.org\/wp-content\/uploads\/2021\/07\/Ekko-Quote-Cards-768x384.jpg 768w, https:\/\/smeclimatehub.org\/wp-content\/uploads\/2021\/07\/Ekko-Quote-Cards-960x480.jpg 960w, https:\/\/smeclimatehub.org\/wp-content\/uploads\/2021\/07\/Ekko-Quote-Cards-570x285.jpg 570w, https:\/\/smeclimatehub.org\/wp-content\/uploads\/2021\/07\/Ekko-Quote-Cards-330x165.jpg 330w, https:\/\/smeclimatehub.org\/wp-content\/uploads\/2021\/07\/Ekko-Quote-Cards-195x98.jpg 195w, https:\/\/smeclimatehub.org\/wp-content\/uploads\/2021\/07\/Ekko-Quote-Cards-150x75.jpg 150w\" sizes=\"auto, (max-width: 1024px) 100vw, 1024px\" \/><\/figure>\n\n<p style=\"font-size:19px\"><em><em>Varf\u00f6r gjorde ni ett klimat\u00e5tagande med SME Climate Hub?<\/em> <\/em><\/p>\n\n<p style=\"font-size:18px\">Jag tror starkt p\u00e5 att ett samh\u00e4lle g\u00e5r samman f\u00f6r att \u00e5stadkomma f\u00f6r\u00e4ndring. Genom att engagera oss i SME Climate Hub och g\u00e5 med i gemenskapen \u00e4r jag \u00f6vertygad om att vi kommer att kunna g\u00f6ra en \u00e4nnu st\u00f6rre positiv inverkan p\u00e5 v\u00e5rt klimat. Jag hoppas att vi ocks\u00e5 kan hj\u00e4lpa andra f\u00f6retag att uppfylla sina \u00e5taganden och erbjuda v\u00e5rt st\u00f6d p\u00e5 alla s\u00e4tt vi kan.  <\/p>\n\n<p style=\"font-size:19px\"><em>Hur tror du att ditt engagemang i SME Climate Hub kan p\u00e5verka din f\u00f6rm\u00e5ga att vidta klimat\u00e5tg\u00e4rder eller \u00f6ka din p\u00e5verkan?<\/em><\/p>\n\n<p style=\"font-size:18px\">Vi tycker det \u00e4r mycket sp\u00e4nnande att SME Climate Hub har en samh\u00e4llsfaktor. Som gemenskap kan vi \u00f6ka ekko-p\u00e5verkan eller hitta nya s\u00e4tt genom partnerskap f\u00f6r att skapa en positiv f\u00f6r\u00e4ndring p\u00e5 ett s\u00e4tt vi inte har t\u00e4nkt p\u00e5 \u00e4nnu. Som startup lever vi f\u00f6r att tr\u00e4ffa likasinnade och ta reda p\u00e5 om det finns ett s\u00e4tt att arbeta tillsammans f\u00f6r att driva f\u00f6r\u00e4ndring. SME Climate Hub \u00e4r ett fantastiskt initiativ f\u00f6r detta och har redan en positiv inverkan p\u00e5 oss.     <\/p>\n\n<h2 class=\"wp-block-heading\" style=\"font-size:28px\">Hindren som h\u00e5ller f\u00f6retag tillbaka \u2013 och det f\u00f6r\u00e4ndrade tankes\u00e4tt som kr\u00e4vs f\u00f6r att vidta klimat\u00e5tg\u00e4rder i stor skala.<\/h2>\n\n<p style=\"font-size:19px\"><em>Vilka \u00e4r de vanligaste anledningarna till att sm\u00e5 och medelstora f\u00f6retag i er bransch hindrar dem fr\u00e5n att engagera sig i klimat\u00e5tg\u00e4rder?<\/em><\/p>\n\n<p style=\"font-size:18px\">Jag tror att ett av de st\u00f6rsta problemen \u00e4r r\u00e4dsla. Det finns en k\u00e4nsla bland sm\u00e5 och medelstora konsumentf\u00f6retag att genom att g\u00f6ra dj\u00e4rva uttalanden om att g\u00f6ra n\u00e5got positivt kring klimatf\u00f6r\u00e4ndringarna riskerar man att bli attackerad f\u00f6r att de inte \u00e4r perfekta. De \u00e4r oroliga f\u00f6r att de, trots att de g\u00f6r sitt b\u00e4sta, fortfarande kan m\u00f6tas av kritik f\u00f6r att de inte uppfyller vissa krav som de kanske inte ens var medvetna om. D\u00e4rf\u00f6r kanske f\u00f6retagsledare tycker att det \u00e4r b\u00e4ttre att h\u00e5lla huvudet nere snarare \u00e4n att str\u00e4va efter f\u00f6r\u00e4ndring.     <\/p>\n\n<p style=\"font-size:18px\">Jag tycker att detta \u00e4r fundamentalt fel. Att g\u00f6ra gott b\u00f6r inte uts\u00e4tta f\u00f6retag eller grundare f\u00f6r risker. Ingen av oss \u00e4r perfekt, s\u00e5 det borde inte vara ribban som sm\u00e5f\u00f6retag bed\u00f6ms utifr\u00e5n. Vi m\u00e5ste skapa en s\u00e4krare milj\u00f6 f\u00f6r f\u00f6retag och individer, s\u00e5 att de kan g\u00f6ra sitt b\u00e4sta och genomf\u00f6ra de f\u00f6r\u00e4ndringar de kan utan r\u00e4dsla f\u00f6r att bli attackerade.     <\/p>\n\n<p style=\"font-size:18px\">Jag tror starkt p\u00e5 att det \u00e4r b\u00e4ttre f\u00f6r alla att g\u00f6ra lite b\u00e4ttre och skapa en tidev\u00e5g av f\u00f6rb\u00e4ttring snarare \u00e4n att ett f\u00e5tal f\u00f6retag \u00e4r perfekta.  <\/p>\n\n<figure class=\"wp-block-image size-large\"><img loading=\"lazy\" decoding=\"async\" width=\"1024\" height=\"576\" src=\"https:\/\/smeclimatehub.org\/wp-content\/uploads\/2021\/07\/ekko_Bank_Card-1024x576.jpeg\" alt=\"\" class=\"wp-image-4160\" srcset=\"https:\/\/smeclimatehub.org\/wp-content\/uploads\/2021\/07\/ekko_Bank_Card-1024x576.jpeg 1024w, https:\/\/smeclimatehub.org\/wp-content\/uploads\/2021\/07\/ekko_Bank_Card-300x169.jpeg 300w, https:\/\/smeclimatehub.org\/wp-content\/uploads\/2021\/07\/ekko_Bank_Card-768x432.jpeg 768w, https:\/\/smeclimatehub.org\/wp-content\/uploads\/2021\/07\/ekko_Bank_Card-1536x864.jpeg 1536w, https:\/\/smeclimatehub.org\/wp-content\/uploads\/2021\/07\/ekko_Bank_Card-960x540.jpeg 960w, https:\/\/smeclimatehub.org\/wp-content\/uploads\/2021\/07\/ekko_Bank_Card-1140x641.jpeg 1140w, https:\/\/smeclimatehub.org\/wp-content\/uploads\/2021\/07\/ekko_Bank_Card-570x321.jpeg 570w, https:\/\/smeclimatehub.org\/wp-content\/uploads\/2021\/07\/ekko_Bank_Card-330x186.jpeg 330w, https:\/\/smeclimatehub.org\/wp-content\/uploads\/2021\/07\/ekko_Bank_Card-195x110.jpeg 195w, https:\/\/smeclimatehub.org\/wp-content\/uploads\/2021\/07\/ekko_Bank_Card-150x84.jpeg 150w, https:\/\/smeclimatehub.org\/wp-content\/uploads\/2021\/07\/ekko_Bank_Card.jpeg 1920w\" sizes=\"auto, (max-width: 1024px) 100vw, 1024px\" \/><\/figure>\n\n<p style=\"font-size:19px\"><em><em>Vilka \u00e4r de st\u00f6rsta hindren f\u00f6r att halvera utsl\u00e4ppen till 2030 f\u00f6r er bransch?<\/em><\/em><\/p>\n\n<p style=\"font-size:18px\">Data. Finansiella tj\u00e4nstef\u00f6retag \u00e4r organisationer som anv\u00e4nder siffror. Om vi f\u00f6rst\u00e5r det och kan sp\u00e5ra det, kan vi g\u00f6ra n\u00e5got \u00e5t det. F\u00f6r n\u00e4rvarande \u00e4r det sv\u00e5rt att veta de verkliga utsl\u00e4ppen fr\u00e5n en verksamhet.     <\/p>\n\n<p style=\"font-size:18px\">M\u00e5nga f\u00f6retag hj\u00e4lper till att tillhandah\u00e5lla den informationen till f\u00f6retag, och jag \u00e4r en stor f\u00f6respr\u00e5kare f\u00f6r detta. Vi m\u00e5ste hj\u00e4lpa f\u00f6retag att f\u00f6rst\u00e5 sina verkliga utsl\u00e4pp och ge dem verktygen och informationen f\u00f6r att vidta \u00e5tg\u00e4rder f\u00f6r att minska sina utsl\u00e4pp. <\/p>\n\n<h2 class=\"wp-block-heading\" style=\"font-size:28px\">L\u00e4rande l\u00e4ngs v\u00e4gen<em> <\/em><\/h2>\n\n<p style=\"font-size:19px\"><em>Vilken \u00e4r den st\u00f6rsta l\u00e4rdomen du hittills har f\u00e5tt med dig av att bygga ekko?<\/em><\/p>\n\n<p style=\"font-size:18px\">Man m\u00e5ste vara uth\u00e5llig. Inom en dag kan jag ha fyra fantastiska m\u00f6ten d\u00e4r saker och ting g\u00e5r fram\u00e5t och fyra d\u00e4r vi sl\u00e4cker br\u00e4nder. Jag har l\u00e4rt mig att h\u00e5lla balansen i b\u00e5da situationerna. Det \u00e4r viktigt att p\u00e5minna mig sj\u00e4lv om att det \u00e4r sv\u00e5rt att bygga ett f\u00f6retag.     <\/p>\n\n<p style=\"font-size:18px\">Mitt favoritr\u00e5d \u2013 om man nu kan kalla det s\u00e5 \u2013 som jag har f\u00e5tt de senaste m\u00e5naderna \u00e4r att det inte \u00e4r en rak linje att bygga ett f\u00f6retag och att man m\u00e5ste vara okej med det.  <\/p>\n\n<p style=\"font-size:19px\"><em>Vilka r\u00e5d har du till sm\u00e5f\u00f6retag, b\u00e5de inom och utanf\u00f6r din bransch?<\/em> <\/p>\n\n<p style=\"font-size:18px\">B\u00f6rja med att b\u00f6rja och l\u00e5t dig inte f\u00e5ngas av r\u00e4dslan f\u00f6r att beh\u00f6va vara perfekt \u2013 ingen \u00e4r det, men om du verkligen f\u00f6rs\u00f6ker g\u00f6ra n\u00e5got gott s\u00e5 borde du satsa.  <\/p>\n\n<p style=\"font-size:18px\">Ekko lanserades i april och \u00e4r p\u00e5 god v\u00e4g att skapa en betydande inverkan p\u00e5 konsumenternas klimat\u00e5tg\u00e4rder inom finanssektorn. Deras produkt lanseras senare i sommar och kommer att g\u00f6ras tillg\u00e4nglig i m\u00e5n av tillg\u00e5ng f\u00f6r dem som registrerar sig p\u00e5 v\u00e4ntelistan <a href=\"https:\/\/joinekko.earth\/\" target=\"_blank\" rel=\"noreferrer noopener\">h\u00e4r<\/a> .   <\/p>\n\n<p style=\"font-size:18px\">\u00c4r du engagerad i SME Climate Hub och intresserad av att dela med dig av din egen historia? <a href=\"mailto:sasha@wemeanbusinesscoalition.org\">Kontakta oss<\/a> g\u00e4rna! \u00c4r du ett litet f\u00f6retag som \u00e4r intresserad av att g\u00e5 med i SME Climate Hub men \u00e4nnu inte har engagerat dig? L\u00e4s mer om initiativet <a href=\"https:\/\/smeclimatehub.org\/#how-it-works\">h\u00e4r<\/a> .    <\/p>\n","protected":false},"excerpt":{"rendered":"<p>Det nyligen lanserade finansiella tj\u00e4nstef\u00f6retaget f\u00f6renklar konsumenternas klimat\u00e5tg\u00e4rder och lutar sig mot gemenskapen och resurserna hos SME Climate Hub.<\/p>\n","protected":false},"author":1283,"featured_media":31167,"comment_status":"closed","ping_status":"closed","sticky":false,"template":"","format":"standard","meta":{"_acf_changed":false,"inline_featured_image":false,"footnotes":""},"categories":[169],"tags":[],"class_list":["post-86529","post","type-post","status-publish","format-standard","has-post-thumbnail","hentry","category-sme-sv"],"acf":[],"yoast_head":"<title>ekko prioriterar klimat\u00e5tg\u00e4rder och finner gemenskap i klimathubben f\u00f6r sm\u00e5 och medelstora f\u00f6retag - SME Climate Hub<\/title>\n<meta name=\"robots\" content=\"index, follow, max-snippet:-1, max-image-preview:large, max-video-preview:-1\" \/>\n<link rel=\"canonical\" href=\"https:\/\/smeclimatehub.org\/sv\/ekko-prioriterar-klimatatgarder-och-finner-gemenskap-i-klimathubben-for-sma-och-medelstora-foretag\/\" \/>\n<meta property=\"og:locale\" content=\"sv_SE\" \/>\n<meta property=\"og:type\" content=\"article\" \/>\n<meta property=\"og:title\" content=\"ekko prioriterar klimat\u00e5tg\u00e4rder och finner gemenskap i klimathubben f\u00f6r sm\u00e5 och medelstora f\u00f6retag - SME Climate Hub\" \/>\n<meta property=\"og:description\" content=\"Det nyligen lanserade finansiella tj\u00e4nstef\u00f6retaget f\u00f6renklar konsumenternas klimat\u00e5tg\u00e4rder och lutar sig mot gemenskapen och resurserna hos SME Climate Hub.\" \/>\n<meta property=\"og:url\" content=\"https:\/\/smeclimatehub.org\/sv\/ekko-prioriterar-klimatatgarder-och-finner-gemenskap-i-klimathubben-for-sma-och-medelstora-foretag\/\" \/>\n<meta property=\"og:site_name\" content=\"SME Climate Hub\" \/>\n<meta property=\"article:published_time\" content=\"2021-07-21T13:39:43+00:00\" \/>\n<meta property=\"article:modified_time\" content=\"2025-09-15T21:23:09+00:00\" \/>\n<meta property=\"og:image\" content=\"https:\/\/smeclimatehub.org\/wp-content\/uploads\/2021\/07\/ekko_poster-1.jpeg\" \/>\n\t<meta property=\"og:image:width\" content=\"1920\" \/>\n\t<meta property=\"og:image:height\" content=\"1080\" \/>\n\t<meta property=\"og:image:type\" content=\"image\/jpeg\" \/>\n<meta name=\"author\" content=\"alexander@normative.io\" \/>\n<meta name=\"twitter:card\" content=\"summary_large_image\" \/>\n<meta name=\"twitter:label1\" content=\"Written by\" \/>\n\t<meta name=\"twitter:data1\" content=\"alexander@normative.io\" \/>\n\t<meta name=\"twitter:label2\" content=\"Est. reading time\" \/>\n\t<meta name=\"twitter:data2\" content=\"8 minuter\" \/>\n<script type=\"application\/ld+json\" class=\"yoast-schema-graph\">{\"@context\":\"https:\/\/schema.org\",\"@graph\":[{\"@type\":\"Article\",\"@id\":\"https:\/\/smeclimatehub.org\/sv\/ekko-prioriterar-klimatatgarder-och-finner-gemenskap-i-klimathubben-for-sma-och-medelstora-foretag\/#article\",\"isPartOf\":{\"@id\":\"https:\/\/smeclimatehub.org\/sv\/ekko-prioriterar-klimatatgarder-och-finner-gemenskap-i-klimathubben-for-sma-och-medelstora-foretag\/\"},\"author\":{\"name\":\"alexander@normative.io\",\"@id\":\"https:\/\/businessclimatehub.org\/es\/#\/schema\/person\/9a2892366bf6848e7fe972b6c0b85fe4\"},\"headline\":\"ekko prioriterar klimat\u00e5tg\u00e4rder och finner gemenskap i klimathubben f\u00f6r sm\u00e5 och medelstora f\u00f6retag\",\"datePublished\":\"2021-07-21T13:39:43+00:00\",\"dateModified\":\"2025-09-15T21:23:09+00:00\",\"mainEntityOfPage\":{\"@id\":\"https:\/\/smeclimatehub.org\/sv\/ekko-prioriterar-klimatatgarder-och-finner-gemenskap-i-klimathubben-for-sma-och-medelstora-foretag\/\"},\"wordCount\":1680,\"publisher\":{\"@id\":\"https:\/\/businessclimatehub.org\/es\/#organization\"},\"image\":{\"@id\":\"https:\/\/smeclimatehub.org\/sv\/ekko-prioriterar-klimatatgarder-och-finner-gemenskap-i-klimathubben-for-sma-och-medelstora-foretag\/#primaryimage\"},\"thumbnailUrl\":\"https:\/\/smeclimatehub.org\/wp-content\/uploads\/2021\/07\/ekko_poster-1.jpeg\",\"articleSection\":[\"SME Stories\"],\"inLanguage\":\"sv-SE\"},{\"@type\":\"WebPage\",\"@id\":\"https:\/\/smeclimatehub.org\/sv\/ekko-prioriterar-klimatatgarder-och-finner-gemenskap-i-klimathubben-for-sma-och-medelstora-foretag\/\",\"url\":\"https:\/\/smeclimatehub.org\/sv\/ekko-prioriterar-klimatatgarder-och-finner-gemenskap-i-klimathubben-for-sma-och-medelstora-foretag\/\",\"name\":\"ekko prioriterar klimat\u00e5tg\u00e4rder och finner gemenskap i klimathubben f\u00f6r sm\u00e5 och medelstora f\u00f6retag - SME Climate Hub\",\"isPartOf\":{\"@id\":\"https:\/\/businessclimatehub.org\/es\/#website\"},\"primaryImageOfPage\":{\"@id\":\"https:\/\/smeclimatehub.org\/sv\/ekko-prioriterar-klimatatgarder-och-finner-gemenskap-i-klimathubben-for-sma-och-medelstora-foretag\/#primaryimage\"},\"image\":{\"@id\":\"https:\/\/smeclimatehub.org\/sv\/ekko-prioriterar-klimatatgarder-och-finner-gemenskap-i-klimathubben-for-sma-och-medelstora-foretag\/#primaryimage\"},\"thumbnailUrl\":\"https:\/\/smeclimatehub.org\/wp-content\/uploads\/2021\/07\/ekko_poster-1.jpeg\",\"datePublished\":\"2021-07-21T13:39:43+00:00\",\"dateModified\":\"2025-09-15T21:23:09+00:00\",\"breadcrumb\":{\"@id\":\"https:\/\/smeclimatehub.org\/sv\/ekko-prioriterar-klimatatgarder-och-finner-gemenskap-i-klimathubben-for-sma-och-medelstora-foretag\/#breadcrumb\"},\"inLanguage\":\"sv-SE\",\"potentialAction\":[{\"@type\":\"ReadAction\",\"target\":[\"https:\/\/smeclimatehub.org\/sv\/ekko-prioriterar-klimatatgarder-och-finner-gemenskap-i-klimathubben-for-sma-och-medelstora-foretag\/\"]}]},{\"@type\":\"ImageObject\",\"inLanguage\":\"sv-SE\",\"@id\":\"https:\/\/smeclimatehub.org\/sv\/ekko-prioriterar-klimatatgarder-och-finner-gemenskap-i-klimathubben-for-sma-och-medelstora-foretag\/#primaryimage\",\"url\":\"https:\/\/smeclimatehub.org\/wp-content\/uploads\/2021\/07\/ekko_poster-1.jpeg\",\"contentUrl\":\"https:\/\/smeclimatehub.org\/wp-content\/uploads\/2021\/07\/ekko_poster-1.jpeg\",\"width\":1920,\"height\":1080},{\"@type\":\"BreadcrumbList\",\"@id\":\"https:\/\/smeclimatehub.org\/sv\/ekko-prioriterar-klimatatgarder-och-finner-gemenskap-i-klimathubben-for-sma-och-medelstora-foretag\/#breadcrumb\",\"itemListElement\":[{\"@type\":\"ListItem\",\"position\":1,\"name\":\"Home\",\"item\":\"https:\/\/smeclimatehub.org\/sv\/\"},{\"@type\":\"ListItem\",\"position\":2,\"name\":\"ekko prioriterar klimat\u00e5tg\u00e4rder och finner gemenskap i klimathubben f\u00f6r sm\u00e5 och medelstora f\u00f6retag\"}]},{\"@type\":\"WebSite\",\"@id\":\"https:\/\/businessclimatehub.org\/es\/#website\",\"url\":\"https:\/\/businessclimatehub.org\/es\/\",\"name\":\"SME Climate hub\",\"description\":\"\",\"publisher\":{\"@id\":\"https:\/\/businessclimatehub.org\/es\/#organization\"},\"potentialAction\":[{\"@type\":\"SearchAction\",\"target\":{\"@type\":\"EntryPoint\",\"urlTemplate\":\"https:\/\/businessclimatehub.org\/es\/?s={search_term_string}\"},\"query-input\":{\"@type\":\"PropertyValueSpecification\",\"valueRequired\":true,\"valueName\":\"search_term_string\"}}],\"inLanguage\":\"sv-SE\"},{\"@type\":\"Organization\",\"@id\":\"https:\/\/businessclimatehub.org\/es\/#organization\",\"name\":\"SME Climate hub\",\"url\":\"https:\/\/businessclimatehub.org\/es\/\",\"logo\":{\"@type\":\"ImageObject\",\"inLanguage\":\"sv-SE\",\"@id\":\"https:\/\/businessclimatehub.org\/es\/#\/schema\/logo\/image\/\",\"url\":\"https:\/\/smeclimatehub.org\/wp-content\/uploads\/2025\/03\/smeLogo-1.png\",\"contentUrl\":\"https:\/\/smeclimatehub.org\/wp-content\/uploads\/2025\/03\/smeLogo-1.png\",\"width\":465,\"height\":245,\"caption\":\"SME Climate hub\"},\"image\":{\"@id\":\"https:\/\/businessclimatehub.org\/es\/#\/schema\/logo\/image\/\"}},{\"@type\":\"Person\",\"@id\":\"https:\/\/businessclimatehub.org\/es\/#\/schema\/person\/9a2892366bf6848e7fe972b6c0b85fe4\",\"name\":\"alexander@normative.io\",\"image\":{\"@type\":\"ImageObject\",\"inLanguage\":\"sv-SE\",\"@id\":\"https:\/\/businessclimatehub.org\/es\/#\/schema\/person\/image\/\",\"url\":\"https:\/\/secure.gravatar.com\/avatar\/0283dd8083998ed25c5e9a79ad69e6a9c18f5253009be0ffe143013ba82005d9?s=96&d=mm&r=g\",\"contentUrl\":\"https:\/\/secure.gravatar.com\/avatar\/0283dd8083998ed25c5e9a79ad69e6a9c18f5253009be0ffe143013ba82005d9?s=96&d=mm&r=g\",\"caption\":\"alexander@normative.io\"},\"url\":\"https:\/\/smeclimatehub.org\/sv\/author\/alexandernormative-io\/\"}]}<\/script>","yoast_head_json":{"title":"ekko prioriterar klimat\u00e5tg\u00e4rder och finner gemenskap i klimathubben f\u00f6r sm\u00e5 och medelstora f\u00f6retag - SME Climate Hub","robots":{"index":"index","follow":"follow","max-snippet":"max-snippet:-1","max-image-preview":"max-image-preview:large","max-video-preview":"max-video-preview:-1"},"canonical":"https:\/\/smeclimatehub.org\/sv\/ekko-prioriterar-klimatatgarder-och-finner-gemenskap-i-klimathubben-for-sma-och-medelstora-foretag\/","og_locale":"sv_SE","og_type":"article","og_title":"ekko prioriterar klimat\u00e5tg\u00e4rder och finner gemenskap i klimathubben f\u00f6r sm\u00e5 och medelstora f\u00f6retag - SME Climate Hub","og_description":"Det nyligen lanserade finansiella tj\u00e4nstef\u00f6retaget f\u00f6renklar konsumenternas klimat\u00e5tg\u00e4rder och lutar sig mot gemenskapen och resurserna hos SME Climate Hub.","og_url":"https:\/\/smeclimatehub.org\/sv\/ekko-prioriterar-klimatatgarder-och-finner-gemenskap-i-klimathubben-for-sma-och-medelstora-foretag\/","og_site_name":"SME Climate Hub","article_published_time":"2021-07-21T13:39:43+00:00","article_modified_time":"2025-09-15T21:23:09+00:00","og_image":[{"width":1920,"height":1080,"url":"https:\/\/smeclimatehub.org\/wp-content\/uploads\/2021\/07\/ekko_poster-1.jpeg","type":"image\/jpeg"}],"author":"alexander@normative.io","twitter_card":"summary_large_image","twitter_misc":{"Written by":"alexander@normative.io","Est. reading time":"8 minuter"},"schema":{"@context":"https:\/\/schema.org","@graph":[{"@type":"Article","@id":"https:\/\/smeclimatehub.org\/sv\/ekko-prioriterar-klimatatgarder-och-finner-gemenskap-i-klimathubben-for-sma-och-medelstora-foretag\/#article","isPartOf":{"@id":"https:\/\/smeclimatehub.org\/sv\/ekko-prioriterar-klimatatgarder-och-finner-gemenskap-i-klimathubben-for-sma-och-medelstora-foretag\/"},"author":{"name":"alexander@normative.io","@id":"https:\/\/businessclimatehub.org\/es\/#\/schema\/person\/9a2892366bf6848e7fe972b6c0b85fe4"},"headline":"ekko prioriterar klimat\u00e5tg\u00e4rder och finner gemenskap i klimathubben f\u00f6r sm\u00e5 och medelstora f\u00f6retag","datePublished":"2021-07-21T13:39:43+00:00","dateModified":"2025-09-15T21:23:09+00:00","mainEntityOfPage":{"@id":"https:\/\/smeclimatehub.org\/sv\/ekko-prioriterar-klimatatgarder-och-finner-gemenskap-i-klimathubben-for-sma-och-medelstora-foretag\/"},"wordCount":1680,"publisher":{"@id":"https:\/\/businessclimatehub.org\/es\/#organization"},"image":{"@id":"https:\/\/smeclimatehub.org\/sv\/ekko-prioriterar-klimatatgarder-och-finner-gemenskap-i-klimathubben-for-sma-och-medelstora-foretag\/#primaryimage"},"thumbnailUrl":"https:\/\/smeclimatehub.org\/wp-content\/uploads\/2021\/07\/ekko_poster-1.jpeg","articleSection":["SME Stories"],"inLanguage":"sv-SE"},{"@type":"WebPage","@id":"https:\/\/smeclimatehub.org\/sv\/ekko-prioriterar-klimatatgarder-och-finner-gemenskap-i-klimathubben-for-sma-och-medelstora-foretag\/","url":"https:\/\/smeclimatehub.org\/sv\/ekko-prioriterar-klimatatgarder-och-finner-gemenskap-i-klimathubben-for-sma-och-medelstora-foretag\/","name":"ekko prioriterar klimat\u00e5tg\u00e4rder och finner gemenskap i klimathubben f\u00f6r sm\u00e5 och medelstora f\u00f6retag - SME Climate Hub","isPartOf":{"@id":"https:\/\/businessclimatehub.org\/es\/#website"},"primaryImageOfPage":{"@id":"https:\/\/smeclimatehub.org\/sv\/ekko-prioriterar-klimatatgarder-och-finner-gemenskap-i-klimathubben-for-sma-och-medelstora-foretag\/#primaryimage"},"image":{"@id":"https:\/\/smeclimatehub.org\/sv\/ekko-prioriterar-klimatatgarder-och-finner-gemenskap-i-klimathubben-for-sma-och-medelstora-foretag\/#primaryimage"},"thumbnailUrl":"https:\/\/smeclimatehub.org\/wp-content\/uploads\/2021\/07\/ekko_poster-1.jpeg","datePublished":"2021-07-21T13:39:43+00:00","dateModified":"2025-09-15T21:23:09+00:00","breadcrumb":{"@id":"https:\/\/smeclimatehub.org\/sv\/ekko-prioriterar-klimatatgarder-och-finner-gemenskap-i-klimathubben-for-sma-och-medelstora-foretag\/#breadcrumb"},"inLanguage":"sv-SE","potentialAction":[{"@type":"ReadAction","target":["https:\/\/smeclimatehub.org\/sv\/ekko-prioriterar-klimatatgarder-och-finner-gemenskap-i-klimathubben-for-sma-och-medelstora-foretag\/"]}]},{"@type":"ImageObject","inLanguage":"sv-SE","@id":"https:\/\/smeclimatehub.org\/sv\/ekko-prioriterar-klimatatgarder-och-finner-gemenskap-i-klimathubben-for-sma-och-medelstora-foretag\/#primaryimage","url":"https:\/\/smeclimatehub.org\/wp-content\/uploads\/2021\/07\/ekko_poster-1.jpeg","contentUrl":"https:\/\/smeclimatehub.org\/wp-content\/uploads\/2021\/07\/ekko_poster-1.jpeg","width":1920,"height":1080},{"@type":"BreadcrumbList","@id":"https:\/\/smeclimatehub.org\/sv\/ekko-prioriterar-klimatatgarder-och-finner-gemenskap-i-klimathubben-for-sma-och-medelstora-foretag\/#breadcrumb","itemListElement":[{"@type":"ListItem","position":1,"name":"Home","item":"https:\/\/smeclimatehub.org\/sv\/"},{"@type":"ListItem","position":2,"name":"ekko prioriterar klimat\u00e5tg\u00e4rder och finner gemenskap i klimathubben f\u00f6r sm\u00e5 och medelstora f\u00f6retag"}]},{"@type":"WebSite","@id":"https:\/\/businessclimatehub.org\/es\/#website","url":"https:\/\/businessclimatehub.org\/es\/","name":"SME Climate hub","description":"","publisher":{"@id":"https:\/\/businessclimatehub.org\/es\/#organization"},"potentialAction":[{"@type":"SearchAction","target":{"@type":"EntryPoint","urlTemplate":"https:\/\/businessclimatehub.org\/es\/?s={search_term_string}"},"query-input":{"@type":"PropertyValueSpecification","valueRequired":true,"valueName":"search_term_string"}}],"inLanguage":"sv-SE"},{"@type":"Organization","@id":"https:\/\/businessclimatehub.org\/es\/#organization","name":"SME Climate hub","url":"https:\/\/businessclimatehub.org\/es\/","logo":{"@type":"ImageObject","inLanguage":"sv-SE","@id":"https:\/\/businessclimatehub.org\/es\/#\/schema\/logo\/image\/","url":"https:\/\/smeclimatehub.org\/wp-content\/uploads\/2025\/03\/smeLogo-1.png","contentUrl":"https:\/\/smeclimatehub.org\/wp-content\/uploads\/2025\/03\/smeLogo-1.png","width":465,"height":245,"caption":"SME Climate hub"},"image":{"@id":"https:\/\/businessclimatehub.org\/es\/#\/schema\/logo\/image\/"}},{"@type":"Person","@id":"https:\/\/businessclimatehub.org\/es\/#\/schema\/person\/9a2892366bf6848e7fe972b6c0b85fe4","name":"alexander@normative.io","image":{"@type":"ImageObject","inLanguage":"sv-SE","@id":"https:\/\/businessclimatehub.org\/es\/#\/schema\/person\/image\/","url":"https:\/\/secure.gravatar.com\/avatar\/0283dd8083998ed25c5e9a79ad69e6a9c18f5253009be0ffe143013ba82005d9?s=96&d=mm&r=g","contentUrl":"https:\/\/secure.gravatar.com\/avatar\/0283dd8083998ed25c5e9a79ad69e6a9c18f5253009be0ffe143013ba82005d9?s=96&d=mm&r=g","caption":"alexander@normative.io"},"url":"https:\/\/smeclimatehub.org\/sv\/author\/alexandernormative-io\/"}]}},"_links":{"self":[{"href":"https:\/\/smeclimatehub.org\/sv\/wp-json\/wp\/v2\/posts\/86529","targetHints":{"allow":["GET"]}}],"collection":[{"href":"https:\/\/smeclimatehub.org\/sv\/wp-json\/wp\/v2\/posts"}],"about":[{"href":"https:\/\/smeclimatehub.org\/sv\/wp-json\/wp\/v2\/types\/post"}],"author":[{"embeddable":true,"href":"https:\/\/smeclimatehub.org\/sv\/wp-json\/wp\/v2\/users\/1283"}],"replies":[{"embeddable":true,"href":"https:\/\/smeclimatehub.org\/sv\/wp-json\/wp\/v2\/comments?post=86529"}],"version-history":[{"count":0,"href":"https:\/\/smeclimatehub.org\/sv\/wp-json\/wp\/v2\/posts\/86529\/revisions"}],"wp:featuredmedia":[{"embeddable":true,"href":"https:\/\/smeclimatehub.org\/sv\/wp-json\/wp\/v2\/media\/31167"}],"wp:attachment":[{"href":"https:\/\/smeclimatehub.org\/sv\/wp-json\/wp\/v2\/media?parent=86529"}],"wp:term":[{"taxonomy":"category","embeddable":true,"href":"https:\/\/smeclimatehub.org\/sv\/wp-json\/wp\/v2\/categories?post=86529"},{"taxonomy":"post_tag","embeddable":true,"href":"https:\/\/smeclimatehub.org\/sv\/wp-json\/wp\/v2\/tags?post=86529"}],"curies":[{"name":"wp","href":"https:\/\/api.w.org\/{rel}","templated":true}]}}