
{"id":86530,"date":"2021-08-12T07:30:04","date_gmt":"2021-08-12T06:30:04","guid":{"rendered":"https:\/\/smeclimatehub.org\/det-brittiska-operahuset-glyndebourne-siktar-pa-nettonollutslapp-och-prioriterar-klimatatgarder-i-hela-verksamheten\/"},"modified":"2025-09-15T22:23:10","modified_gmt":"2025-09-15T21:23:10","slug":"det-brittiska-operahuset-glyndebourne-siktar-pa-nettonollutslapp-och-prioriterar-klimatatgarder-i-hela-verksamheten","status":"publish","type":"post","link":"https:\/\/smeclimatehub.org\/sv\/det-brittiska-operahuset-glyndebourne-siktar-pa-nettonollutslapp-och-prioriterar-klimatatgarder-i-hela-verksamheten\/","title":{"rendered":"Det brittiska operahuset Glyndebourne siktar p\u00e5 nettonollutsl\u00e4pp och prioriterar klimat\u00e5tg\u00e4rder i hela verksamheten."},"content":{"rendered":"\n<p><em><img loading=\"lazy\" decoding=\"async\" src=\"https:\/\/lh5.googleusercontent.com\/uC8E9lRAsrZbhkwX6zqzeuRhmsGGUAqAkXWBw3IdzmRUhQev7vgiAulGd64AqBPlvFk41n1i07iKDBjwrTENuNZrUTAD1d_xukKEsG7ecj2DXCwbp0z-nmZAR8UcIFGusELm5O_I\" width=\"624\" height=\"416\"\/><\/em><\/p>\n\n<p>I \u00f6ver 10 \u00e5r har det engelska operahuset Glyndebourne vidtagit \u00e5tg\u00e4rder f\u00f6r att minimera sin milj\u00f6p\u00e5verkan. Deras l\u00e5ngsiktiga m\u00e5l \u00e4r att bli koldioxidneutrala i sin direkta verksamhet \u2013 och genom integrationer som vindkraft och h\u00e5llbara resor \u00e4r de p\u00e5 god v\u00e4g.   <\/p>\n\n<p>Glyndebourne gick med i SME Climate Hub f\u00f6r att bekr\u00e4fta och st\u00e4rka sitt engagemang f\u00f6r klimat\u00e5tg\u00e4rder och anv\u00e4nda Hub:s resurser och gemenskap f\u00f6r att ta n\u00e4sta steg mot nettonollutsl\u00e4pp. SME Climate Hub pratade nyligen med f\u00f6retagets VD Sarah Hopwood om hur de prioriterar klimat\u00e5tg\u00e4rder och de l\u00e4rdomar som kan till\u00e4mpas p\u00e5 sm\u00e5f\u00f6retag i alla branscher. <\/p>\n\n<h2 class=\"wp-block-heading\"><em>Prioritera utsl\u00e4ppsminskning i alla aff\u00e4rsfaser<\/em><\/h2>\n\n<p><strong>Vad fick dig att vidta klimat\u00e5tg\u00e4rder?  <\/strong><\/p>\n\n<p>Glyndebourne ligger i ett omr\u00e5de med enast\u00e5ende natursk\u00f6nhet i Sussex, England, vilket ger en inspirerande bakgrund f\u00f6r b\u00e5de konstn\u00e4rer och publik. F\u00f6r f\u00f6retagets medlemmar inger v\u00e5r sk\u00f6nhet i v\u00e5r arbetsmilj\u00f6 en k\u00e4nsla av ansvar att g\u00f6ra vad vi kan f\u00f6r att minimera v\u00e5r negativa milj\u00f6p\u00e5verkan.   <\/p>\n\n<p><strong>Vilka \u00e4r era huvudsakliga utsl\u00e4ppsk\u00e4llor som underh\u00e5llningsf\u00f6retag? Hur har ni b\u00f6rjat minska dessa utsl\u00e4pp?   <\/strong><\/p>\n\n<p>V\u00e5r huvudsakliga k\u00e4lla till direkta utsl\u00e4pp kommer fr\u00e5n den gas- och elf\u00f6rbrukning som kr\u00e4vs f\u00f6r att driva v\u00e5ra produktioner och relaterad verksamhet. Vi har arbetat h\u00e5rt f\u00f6r att ta itu med detta och har uppn\u00e5tt en minskning med 83 % av energirelaterade utsl\u00e4pp mellan 2009 och 2020.   <\/p>\n\n<p>V\u00e5r elf\u00f6rbrukning har minskat avsev\u00e4rt tack vare \u00e5tg\u00e4rder som att modifiera luftkonditioneringssystemet, byta ut arbetsbelysningen i auditoriet mot energisn\u00e5la lysdioder och installera timers och sensorer f\u00f6r att s\u00e4kerst\u00e4lla att belysningen bara anv\u00e4nds n\u00e4r det beh\u00f6vs. Vi har nyligen bytt ut v\u00e5ra 27 \u00e5r gamla gaspannor mot ett betydligt effektivare system som vi f\u00f6rutsp\u00e5r kan ge en minskning av gasf\u00f6rbrukningen med upp till 20 %.   <\/p>\n\n<p>Med tanke p\u00e5 v\u00e5rt lantliga l\u00e4ge \u00e4r utsl\u00e4ppen fr\u00e5n publikens resor till Glyndebourne en annan viktig faktor. Det har varit en sv\u00e5r utmaning att l\u00f6sa, men vi har inf\u00f6rt en publikbuss f\u00f6r att uppmuntra s\u00e5 m\u00e5nga som m\u00f6jligt att resa till Glyndebourne med t\u00e5g. Vi erbjuder ocks\u00e5 gratis laddning av elbilar till bes\u00f6kare och personal.    <\/p>\n\n<figure class=\"wp-block-image\"><img decoding=\"async\" src=\"https:\/\/lh4.googleusercontent.com\/rOdW6599BLqhND1o4S7eZ9QQuL9cI9auLqky_DGhS3kK2t_Yrp4btZgUFq8kBIerqvTKS6C8j5m4T3JiapVggSNWR7aa826GNPmXjTwTGRSCF8Z-X5ehFrTjMrh0zVvp9lJE8yog\" alt=\"\"\/><figcaption>\u00a9 Glyndebourne Productions Ltd. Foto: Sam Stephenson <\/figcaption><\/figure>\n\n<h2 class=\"wp-block-heading\"><em>Minska utsl\u00e4pp \u2013 konkreta \u00e5tg\u00e4rder som sm\u00e5f\u00f6retag kan vidta inom kort<\/em><\/h2>\n\n<p><strong>Vilka var de f\u00f6rsta stegen som Glyndebourne tog f\u00f6r att minska utsl\u00e4ppen?  <\/strong><\/p>\n\n<p>V\u00e5rt f\u00f6rsta steg var att utarbeta en milj\u00f6policy som i detalj beskriver f\u00f6retagets \u00e5tagande att g\u00f6ra sin verksamhet mer h\u00e5llbar, t\u00e4tt f\u00f6ljt av en analys av v\u00e5ra koldioxidutsl\u00e4pp f\u00f6r att informera oss om vilka \u00e5tg\u00e4rder vi skulle vidta.  <\/p>\n\n<p>Den forskningen visade att ett vindkraftverk placerat p\u00e5 ett markomr\u00e5de strax ovanf\u00f6r operahuset var det enskilt st\u00f6rsta ekonomiskt h\u00e5llbara initiativet som sedan kunde genomf\u00f6ras f\u00f6r att minska Glyndebournes egna genererade koldioxidutsl\u00e4pp. Bygglov f\u00f6r vindkraftverket l\u00e4mnades in 2007 och det togs i drift 2012. Dess implementering halverade omedelbart v\u00e5ra direkta koldioxidutsl\u00e4pp. Mellan 2012 och 2020 har turbinen genererat motsvarande 105 % av den el som f\u00f6retaget f\u00f6rbrukade under den perioden, vilket vida \u00f6verstiger det \u00e5rliga m\u00e5let p\u00e5 90 %.     <\/p>\n\n<figure class=\"wp-block-image\"><img decoding=\"async\" src=\"https:\/\/lh6.googleusercontent.com\/H2yviCTErSlB8nZ_87owKEFzrsKoxKN0pgjV0aMFO7jHdznan8YrF4VBtpn3GJx0YZpf8Tkc-VQcJo4RS96MhDFBJA85j2JdgeT64-VviWX24ipSgPl98xBsU17PXQb3A8KYxTNT\" alt=\"\"\/><figcaption>\u00a9 Glyndebourne Productions Ltd. Foto: Sam Stephenson <\/figcaption><\/figure>\n\n<p><strong>Hur har Glyndebourne intensifierat sina klimat\u00e5tg\u00e4rder de senaste \u00e5ren?  <\/strong><\/p>\n\n<p>\u00c5r 2018 inf\u00f6rde Glyndebourne noll avfall till deponi, vilket resulterade i ytterligare st\u00f6rre besparingar av koldioxidutsl\u00e4pp. F\u00f6r f\u00f6rsta g\u00e5ngen arbetar Glyndebourne och dess cateringleverant\u00f6r p\u00e5 plats under ett enda avfallshanteringsavtal, vilket har gjort det m\u00f6jligt f\u00f6r v\u00e5rt avfallshanteringsf\u00f6retag att utveckla en fullst\u00e4ndig avfalls- och \u00e5tervinningsstrategi som effektiviserar processer f\u00f6r att uppn\u00e5 st\u00f6rre effekt. Med deras hj\u00e4lp har vi fortsatt att f\u00f6rb\u00e4ttra v\u00e5ra \u00e5tervinningsgrader och minska avfallet, och har uppn\u00e5tt en minskning med 81 % av den absoluta avfallsm\u00e4ngden mellan 2009 och 2020.    <\/p>\n\n<p>N\u00e4sta stora steg \u00e4r att hitta s\u00e4tt att g\u00f6ra produktionerna p\u00e5 v\u00e5r scen mer h\u00e5llbara. Mer produktionsmaterial kommer att \u00e5tervinnas fr\u00e5n v\u00e5ra butiker, med planer f\u00f6r avyttring eller \u00e5teranv\u00e4ndning av varje komponent som \u00f6verenskommits i f\u00f6rv\u00e4g med produktionsteamen. Det \u00e4r ett stort steg mot att skapa teater p\u00e5 ett verkligt h\u00e5llbart och milj\u00f6v\u00e4nligt s\u00e4tt som kommer att g\u00f6ra stor skillnad n\u00e4r vi arbetar mot v\u00e5rt l\u00e5ngsiktiga m\u00e5l att bli koldioxidneutrala i v\u00e5r direkta verksamhet.    <\/p>\n\n<p><strong>Vilka aff\u00e4rsf\u00f6rdelar har du sett som ett resultat av att vidta klimat\u00e5tg\u00e4rder?  <\/strong><\/p>\n\n<p>Vi har sett betydande kostnadsminskningar, b\u00e5de som ett resultat av att vi genererar v\u00e5r egen el genom vindkraftverket och genom att vi minskat v\u00e5r gas- och elanv\u00e4ndning. Vindkraftverket kr\u00e4vde betydande initiala investeringar, finansierade fr\u00e5n reserver, men dessa kostnader tj\u00e4nades in p\u00e5 bara fem och ett halvt \u00e5r eftersom turbinen \u00f6vertr\u00e4ffade sina produktionsm\u00e5l.   <\/p>\n\n<figure class=\"wp-block-image\"><img decoding=\"async\" src=\"https:\/\/lh5.googleusercontent.com\/rZBWUbjGjiJqdbDO_ef5ulEZ8C8A4UKg_P_WOrGTR9MPjzmxpJad36isyB0wswHomI9wTDl8hKXplhGYw9TZqlbv76R1yk3yvKpcIwA3Xk67-HQinuaqhOnM6wMWmfSCVVpoSHzY\" alt=\"\"\/><figcaption>\u00a9 Glyndebourne Productions Ltd. Foto: Sam Stephenson <\/figcaption><\/figure>\n\n<p><strong>\u00c4r era anst\u00e4llda engagerade i den h\u00e4r processen?  <\/strong><\/p>\n\n<p>Personalens st\u00f6d har varit avg\u00f6rande f\u00f6r Glyndebournes framg\u00e5ng hittills. Vi str\u00e4var efter att s\u00e4kerst\u00e4lla att milj\u00f6ansvarlig ledning och operativa rutiner \u00e4r grundl\u00e4ggande f\u00f6r allt vi g\u00f6r och att vi uppmuntrar en kultur d\u00e4r all personal k\u00e4nner ett personligt ansvar f\u00f6r att hj\u00e4lpa oss att minimera Glyndebournes koldioxidp\u00e5verkan p\u00e5 planeten.   <\/p>\n\n<p>V\u00e5ra insatser har drivits av en icke-hierarkisk volont\u00e4rgrupp av anst\u00e4llda, v\u00e5ra milj\u00f6k\u00e4mpar. De kommer fr\u00e5n hela f\u00f6retaget och har granskat alla aspekter av v\u00e5r verksamhet f\u00f6r att identifiera m\u00f6jligheter att minska v\u00e5r f\u00f6rbrukning av energi, vatten och f\u00f6rbrukningsvaror. \u00c4mnen som gruppen tagit upp och agerat p\u00e5 inkluderar utvecklingen av v\u00e5ra laddningsanl\u00e4ggningar f\u00f6r elbilar, inf\u00f6randet och marknadsf\u00f6ringen av ett cykla-till-arbete-system f\u00f6r personalen, en \u00f6verg\u00e5ng till h\u00e5llbara reng\u00f6ringsmedel och ett f\u00f6rbud mot icke-\u00e5tervinningsbara kaffekoppar f\u00f6r avh\u00e4mtning.    <\/p>\n\n<h2 class=\"wp-block-heading\"><em>Skalning av Glyndebournes inverkan  <\/em><\/h2>\n\n<p><strong>Har du n\u00e5gra r\u00e5d till sm\u00e5f\u00f6retag som vill ta det f\u00f6rsta steget?  <\/strong><\/p>\n\n<p>En av de viktigaste sakerna att g\u00f6ra i b\u00f6rjan \u00e4r att f\u00e5 en s\u00e5 korrekt bild som m\u00f6jligt av ditt milj\u00f6avtryck f\u00f6r att hj\u00e4lpa dig att se var du kan f\u00f6rb\u00e4ttra dig och identifiera sm\u00e5, enkla vinster som kan starta din resa mot en mer h\u00e5llbar framtid.  <\/p>\n\n<p>Ta med dina anst\u00e4llda \u2013 deras insikter \u00e4r avg\u00f6rande f\u00f6r att f\u00e5 en fullst\u00e4ndig bild av er nuvarande verksamhet och var f\u00f6rb\u00e4ttringar kan g\u00f6ras.  <\/p>\n\n<figure class=\"wp-block-image\"><img decoding=\"async\" src=\"https:\/\/lh5.googleusercontent.com\/fW3NRadvrt-lzYknSQsxw7Ea600Qh-eD9NI1UVKZJUTeez1UCSnPKDqk5QfwtFMMvt9bbB4qxdTQj4_liV395qWwIcXI0HhUS1utKnljpQspt03IcRyTI33vLz2oNQ1LGjJoocHf\" alt=\"\"\/><figcaption>\u00a9 Glyndebourne Productions Ltd. Foto: Sam Stephenson <\/figcaption><\/figure>\n\n<h2 class=\"wp-block-heading\"><em>Att engagera sig i SME Climate Hub  <\/em><\/h2>\n\n<p><strong>Varf\u00f6r valde Glyndebourne att engagera sig i SME Climate Hub? Vilka \u00e4r de fr\u00e4msta f\u00f6rdelarna ni ser hittills, och hur anv\u00e4nder ni deras verktyg och resurser?   <\/strong><\/p>\n\n<p>I mer \u00e4n 10 \u00e5r har vi vidtagit \u00e5tg\u00e4rder f\u00f6r att minimera v\u00e5r milj\u00f6p\u00e5verkan, med det l\u00e5ngsiktiga m\u00e5let att bli koldioxidneutrala i v\u00e5r direkta verksamhet. Vi gick med i SME Climate Hub f\u00f6r att bekr\u00e4fta det engagemanget och f\u00f6r att f\u00f6rena oss med och l\u00e4ra av f\u00f6retag, organisationer och individer runt om i v\u00e4rlden som delar samma uppdrag och drivkraft att skydda planeten.   <\/p>\n\n<p>Vi antar f\u00f6r n\u00e4rvarande rekommendationerna i <a href=\"https:\/\/exponentialroadmap.org\/wp-content\/uploads\/2020\/11\/1.5C-Business-Playbook-v1.1.1pdf.pdf\">1,5\u00b0C Business Playbook<\/a> f\u00f6r att b\u00e4ttre presentera v\u00e5r status och kommunicera v\u00e5ra m\u00e5l och framsteg.  <\/p>\n\n<p>Sm\u00e5f\u00f6retag som Glyndebourne ger ov\u00e4rderliga insikter om resan mot klimatf\u00f6r\u00e4ndringar. \u00c4r du intresserad av att dela med dig av din egen klimatresa f\u00f6r att eventuellt inkludera den i fokus f\u00f6r f\u00f6retag? Ber\u00e4tta f\u00f6r oss hur du arbetar f\u00f6r att minska utsl\u00e4ppen i denna <a href=\"https:\/\/www.surveymonkey.com\/r\/5BJJ9QW\">korta form<\/a> .    <\/p>\n","protected":false},"excerpt":{"rendered":"<p>I \u00f6ver 10 \u00e5r har det engelska operahuset Glyndebourne vidtagit \u00e5tg\u00e4rder f\u00f6r att minimera sin milj\u00f6p\u00e5verkan. Deras l\u00e5ngsiktiga m\u00e5l \u00e4r att bli koldioxidneutrala i sin direkta verksamhet \u2013 och genom integrationer som vindkraft och h\u00e5llbara resor \u00e4r de p\u00e5 god v\u00e4g. Glyndebourne gick med i SME Climate Hub f\u00f6r att bekr\u00e4fta och st\u00e4rka sitt engagemang [&hellip;]<\/p>\n","protected":false},"author":10027,"featured_media":32370,"comment_status":"closed","ping_status":"closed","sticky":false,"template":"","format":"standard","meta":{"_acf_changed":false,"inline_featured_image":false,"footnotes":""},"categories":[169],"tags":[],"class_list":["post-86530","post","type-post","status-publish","format-standard","has-post-thumbnail","hentry","category-sme-sv"],"acf":[],"yoast_head":"<title>Det brittiska operahuset Glyndebourne siktar p\u00e5 nettonollutsl\u00e4pp och prioriterar klimat\u00e5tg\u00e4rder i hela verksamheten. - SME Climate Hub<\/title>\n<meta name=\"robots\" content=\"index, follow, max-snippet:-1, max-image-preview:large, max-video-preview:-1\" \/>\n<link rel=\"canonical\" href=\"https:\/\/smeclimatehub.org\/sv\/det-brittiska-operahuset-glyndebourne-siktar-pa-nettonollutslapp-och-prioriterar-klimatatgarder-i-hela-verksamheten\/\" \/>\n<meta property=\"og:locale\" content=\"sv_SE\" \/>\n<meta property=\"og:type\" content=\"article\" \/>\n<meta property=\"og:title\" content=\"Det brittiska operahuset Glyndebourne siktar p\u00e5 nettonollutsl\u00e4pp och prioriterar klimat\u00e5tg\u00e4rder i hela verksamheten. - SME Climate Hub\" \/>\n<meta property=\"og:description\" content=\"I \u00f6ver 10 \u00e5r har det engelska operahuset Glyndebourne vidtagit \u00e5tg\u00e4rder f\u00f6r att minimera sin milj\u00f6p\u00e5verkan. Deras l\u00e5ngsiktiga m\u00e5l \u00e4r att bli koldioxidneutrala i sin direkta verksamhet \u2013 och genom integrationer som vindkraft och h\u00e5llbara resor \u00e4r de p\u00e5 god v\u00e4g. Glyndebourne gick med i SME Climate Hub f\u00f6r att bekr\u00e4fta och st\u00e4rka sitt engagemang [&hellip;]\" \/>\n<meta property=\"og:url\" content=\"https:\/\/smeclimatehub.org\/sv\/det-brittiska-operahuset-glyndebourne-siktar-pa-nettonollutslapp-och-prioriterar-klimatatgarder-i-hela-verksamheten\/\" \/>\n<meta property=\"og:site_name\" content=\"SME Climate Hub\" \/>\n<meta property=\"article:published_time\" content=\"2021-08-12T06:30:04+00:00\" \/>\n<meta property=\"article:modified_time\" content=\"2025-09-15T21:23:10+00:00\" \/>\n<meta property=\"og:image\" content=\"https:\/\/smeclimatehub.org\/wp-content\/uploads\/2021\/08\/Glyndebourne-opera-house-and-wind-turbine_photographer-James-Bellorini.jpg\" \/>\n\t<meta property=\"og:image:width\" content=\"1000\" \/>\n\t<meta property=\"og:image:height\" content=\"667\" \/>\n\t<meta property=\"og:image:type\" content=\"image\/jpeg\" \/>\n<meta name=\"author\" content=\"adel.eskic\" \/>\n<meta name=\"twitter:card\" content=\"summary_large_image\" \/>\n<meta name=\"twitter:label1\" content=\"Written by\" \/>\n\t<meta name=\"twitter:data1\" content=\"adel.eskic\" \/>\n\t<meta name=\"twitter:label2\" content=\"Est. reading time\" \/>\n\t<meta name=\"twitter:data2\" content=\"7 minuter\" \/>\n<script type=\"application\/ld+json\" class=\"yoast-schema-graph\">{\"@context\":\"https:\/\/schema.org\",\"@graph\":[{\"@type\":\"Article\",\"@id\":\"https:\/\/smeclimatehub.org\/sv\/det-brittiska-operahuset-glyndebourne-siktar-pa-nettonollutslapp-och-prioriterar-klimatatgarder-i-hela-verksamheten\/#article\",\"isPartOf\":{\"@id\":\"https:\/\/smeclimatehub.org\/sv\/det-brittiska-operahuset-glyndebourne-siktar-pa-nettonollutslapp-och-prioriterar-klimatatgarder-i-hela-verksamheten\/\"},\"author\":{\"name\":\"adel.eskic\",\"@id\":\"https:\/\/businessclimatehub.org\/es\/#\/schema\/person\/a892d1e3d11b36e9af66621ece50f6d1\"},\"headline\":\"Det brittiska operahuset Glyndebourne siktar p\u00e5 nettonollutsl\u00e4pp och prioriterar klimat\u00e5tg\u00e4rder i hela verksamheten.\",\"datePublished\":\"2021-08-12T06:30:04+00:00\",\"dateModified\":\"2025-09-15T21:23:10+00:00\",\"mainEntityOfPage\":{\"@id\":\"https:\/\/smeclimatehub.org\/sv\/det-brittiska-operahuset-glyndebourne-siktar-pa-nettonollutslapp-och-prioriterar-klimatatgarder-i-hela-verksamheten\/\"},\"wordCount\":1380,\"publisher\":{\"@id\":\"https:\/\/businessclimatehub.org\/es\/#organization\"},\"image\":{\"@id\":\"https:\/\/smeclimatehub.org\/sv\/det-brittiska-operahuset-glyndebourne-siktar-pa-nettonollutslapp-och-prioriterar-klimatatgarder-i-hela-verksamheten\/#primaryimage\"},\"thumbnailUrl\":\"https:\/\/smeclimatehub.org\/wp-content\/uploads\/2021\/08\/Glyndebourne-opera-house-and-wind-turbine_photographer-James-Bellorini.jpg\",\"articleSection\":[\"SME Stories\"],\"inLanguage\":\"sv-SE\"},{\"@type\":\"WebPage\",\"@id\":\"https:\/\/smeclimatehub.org\/sv\/det-brittiska-operahuset-glyndebourne-siktar-pa-nettonollutslapp-och-prioriterar-klimatatgarder-i-hela-verksamheten\/\",\"url\":\"https:\/\/smeclimatehub.org\/sv\/det-brittiska-operahuset-glyndebourne-siktar-pa-nettonollutslapp-och-prioriterar-klimatatgarder-i-hela-verksamheten\/\",\"name\":\"Det brittiska operahuset Glyndebourne siktar p\u00e5 nettonollutsl\u00e4pp och prioriterar klimat\u00e5tg\u00e4rder i hela verksamheten. - SME Climate Hub\",\"isPartOf\":{\"@id\":\"https:\/\/businessclimatehub.org\/es\/#website\"},\"primaryImageOfPage\":{\"@id\":\"https:\/\/smeclimatehub.org\/sv\/det-brittiska-operahuset-glyndebourne-siktar-pa-nettonollutslapp-och-prioriterar-klimatatgarder-i-hela-verksamheten\/#primaryimage\"},\"image\":{\"@id\":\"https:\/\/smeclimatehub.org\/sv\/det-brittiska-operahuset-glyndebourne-siktar-pa-nettonollutslapp-och-prioriterar-klimatatgarder-i-hela-verksamheten\/#primaryimage\"},\"thumbnailUrl\":\"https:\/\/smeclimatehub.org\/wp-content\/uploads\/2021\/08\/Glyndebourne-opera-house-and-wind-turbine_photographer-James-Bellorini.jpg\",\"datePublished\":\"2021-08-12T06:30:04+00:00\",\"dateModified\":\"2025-09-15T21:23:10+00:00\",\"breadcrumb\":{\"@id\":\"https:\/\/smeclimatehub.org\/sv\/det-brittiska-operahuset-glyndebourne-siktar-pa-nettonollutslapp-och-prioriterar-klimatatgarder-i-hela-verksamheten\/#breadcrumb\"},\"inLanguage\":\"sv-SE\",\"potentialAction\":[{\"@type\":\"ReadAction\",\"target\":[\"https:\/\/smeclimatehub.org\/sv\/det-brittiska-operahuset-glyndebourne-siktar-pa-nettonollutslapp-och-prioriterar-klimatatgarder-i-hela-verksamheten\/\"]}]},{\"@type\":\"ImageObject\",\"inLanguage\":\"sv-SE\",\"@id\":\"https:\/\/smeclimatehub.org\/sv\/det-brittiska-operahuset-glyndebourne-siktar-pa-nettonollutslapp-och-prioriterar-klimatatgarder-i-hela-verksamheten\/#primaryimage\",\"url\":\"https:\/\/smeclimatehub.org\/wp-content\/uploads\/2021\/08\/Glyndebourne-opera-house-and-wind-turbine_photographer-James-Bellorini.jpg\",\"contentUrl\":\"https:\/\/smeclimatehub.org\/wp-content\/uploads\/2021\/08\/Glyndebourne-opera-house-and-wind-turbine_photographer-James-Bellorini.jpg\",\"width\":1000,\"height\":667,\"caption\":\"View showing the opera house, production hub and wind turbine at Glyndebourne, East Sussex, UK. Credit: Glyndebourne Productions Ltd. Photo: James Bellorini\"},{\"@type\":\"BreadcrumbList\",\"@id\":\"https:\/\/smeclimatehub.org\/sv\/det-brittiska-operahuset-glyndebourne-siktar-pa-nettonollutslapp-och-prioriterar-klimatatgarder-i-hela-verksamheten\/#breadcrumb\",\"itemListElement\":[{\"@type\":\"ListItem\",\"position\":1,\"name\":\"Home\",\"item\":\"https:\/\/smeclimatehub.org\/sv\/\"},{\"@type\":\"ListItem\",\"position\":2,\"name\":\"Det brittiska operahuset Glyndebourne siktar p\u00e5 nettonollutsl\u00e4pp och prioriterar klimat\u00e5tg\u00e4rder i hela verksamheten.\"}]},{\"@type\":\"WebSite\",\"@id\":\"https:\/\/businessclimatehub.org\/es\/#website\",\"url\":\"https:\/\/businessclimatehub.org\/es\/\",\"name\":\"SME Climate hub\",\"description\":\"\",\"publisher\":{\"@id\":\"https:\/\/businessclimatehub.org\/es\/#organization\"},\"potentialAction\":[{\"@type\":\"SearchAction\",\"target\":{\"@type\":\"EntryPoint\",\"urlTemplate\":\"https:\/\/businessclimatehub.org\/es\/?s={search_term_string}\"},\"query-input\":{\"@type\":\"PropertyValueSpecification\",\"valueRequired\":true,\"valueName\":\"search_term_string\"}}],\"inLanguage\":\"sv-SE\"},{\"@type\":\"Organization\",\"@id\":\"https:\/\/businessclimatehub.org\/es\/#organization\",\"name\":\"SME Climate hub\",\"url\":\"https:\/\/businessclimatehub.org\/es\/\",\"logo\":{\"@type\":\"ImageObject\",\"inLanguage\":\"sv-SE\",\"@id\":\"https:\/\/businessclimatehub.org\/es\/#\/schema\/logo\/image\/\",\"url\":\"https:\/\/smeclimatehub.org\/wp-content\/uploads\/2025\/03\/smeLogo-1.png\",\"contentUrl\":\"https:\/\/smeclimatehub.org\/wp-content\/uploads\/2025\/03\/smeLogo-1.png\",\"width\":465,\"height\":245,\"caption\":\"SME Climate hub\"},\"image\":{\"@id\":\"https:\/\/businessclimatehub.org\/es\/#\/schema\/logo\/image\/\"}},{\"@type\":\"Person\",\"@id\":\"https:\/\/businessclimatehub.org\/es\/#\/schema\/person\/a892d1e3d11b36e9af66621ece50f6d1\",\"name\":\"adel.eskic\",\"image\":{\"@type\":\"ImageObject\",\"inLanguage\":\"sv-SE\",\"@id\":\"https:\/\/businessclimatehub.org\/es\/#\/schema\/person\/image\/\",\"url\":\"https:\/\/secure.gravatar.com\/avatar\/c6d0600e135ce420973af3f30adcbef6b3fd43e864e4beed4a1efcafb74d504f?s=96&d=mm&r=g\",\"contentUrl\":\"https:\/\/secure.gravatar.com\/avatar\/c6d0600e135ce420973af3f30adcbef6b3fd43e864e4beed4a1efcafb74d504f?s=96&d=mm&r=g\",\"caption\":\"adel.eskic\"},\"sameAs\":[\"http:\/\/www.serious-fun.se\"],\"url\":\"https:\/\/smeclimatehub.org\/sv\/author\/adel-eskic\/\"}]}<\/script>","yoast_head_json":{"title":"Det brittiska operahuset Glyndebourne siktar p\u00e5 nettonollutsl\u00e4pp och prioriterar klimat\u00e5tg\u00e4rder i hela verksamheten. - SME Climate Hub","robots":{"index":"index","follow":"follow","max-snippet":"max-snippet:-1","max-image-preview":"max-image-preview:large","max-video-preview":"max-video-preview:-1"},"canonical":"https:\/\/smeclimatehub.org\/sv\/det-brittiska-operahuset-glyndebourne-siktar-pa-nettonollutslapp-och-prioriterar-klimatatgarder-i-hela-verksamheten\/","og_locale":"sv_SE","og_type":"article","og_title":"Det brittiska operahuset Glyndebourne siktar p\u00e5 nettonollutsl\u00e4pp och prioriterar klimat\u00e5tg\u00e4rder i hela verksamheten. - SME Climate Hub","og_description":"I \u00f6ver 10 \u00e5r har det engelska operahuset Glyndebourne vidtagit \u00e5tg\u00e4rder f\u00f6r att minimera sin milj\u00f6p\u00e5verkan. Deras l\u00e5ngsiktiga m\u00e5l \u00e4r att bli koldioxidneutrala i sin direkta verksamhet \u2013 och genom integrationer som vindkraft och h\u00e5llbara resor \u00e4r de p\u00e5 god v\u00e4g. Glyndebourne gick med i SME Climate Hub f\u00f6r att bekr\u00e4fta och st\u00e4rka sitt engagemang [&hellip;]","og_url":"https:\/\/smeclimatehub.org\/sv\/det-brittiska-operahuset-glyndebourne-siktar-pa-nettonollutslapp-och-prioriterar-klimatatgarder-i-hela-verksamheten\/","og_site_name":"SME Climate Hub","article_published_time":"2021-08-12T06:30:04+00:00","article_modified_time":"2025-09-15T21:23:10+00:00","og_image":[{"width":1000,"height":667,"url":"https:\/\/smeclimatehub.org\/wp-content\/uploads\/2021\/08\/Glyndebourne-opera-house-and-wind-turbine_photographer-James-Bellorini.jpg","type":"image\/jpeg"}],"author":"adel.eskic","twitter_card":"summary_large_image","twitter_misc":{"Written by":"adel.eskic","Est. reading time":"7 minuter"},"schema":{"@context":"https:\/\/schema.org","@graph":[{"@type":"Article","@id":"https:\/\/smeclimatehub.org\/sv\/det-brittiska-operahuset-glyndebourne-siktar-pa-nettonollutslapp-och-prioriterar-klimatatgarder-i-hela-verksamheten\/#article","isPartOf":{"@id":"https:\/\/smeclimatehub.org\/sv\/det-brittiska-operahuset-glyndebourne-siktar-pa-nettonollutslapp-och-prioriterar-klimatatgarder-i-hela-verksamheten\/"},"author":{"name":"adel.eskic","@id":"https:\/\/businessclimatehub.org\/es\/#\/schema\/person\/a892d1e3d11b36e9af66621ece50f6d1"},"headline":"Det brittiska operahuset Glyndebourne siktar p\u00e5 nettonollutsl\u00e4pp och prioriterar klimat\u00e5tg\u00e4rder i hela verksamheten.","datePublished":"2021-08-12T06:30:04+00:00","dateModified":"2025-09-15T21:23:10+00:00","mainEntityOfPage":{"@id":"https:\/\/smeclimatehub.org\/sv\/det-brittiska-operahuset-glyndebourne-siktar-pa-nettonollutslapp-och-prioriterar-klimatatgarder-i-hela-verksamheten\/"},"wordCount":1380,"publisher":{"@id":"https:\/\/businessclimatehub.org\/es\/#organization"},"image":{"@id":"https:\/\/smeclimatehub.org\/sv\/det-brittiska-operahuset-glyndebourne-siktar-pa-nettonollutslapp-och-prioriterar-klimatatgarder-i-hela-verksamheten\/#primaryimage"},"thumbnailUrl":"https:\/\/smeclimatehub.org\/wp-content\/uploads\/2021\/08\/Glyndebourne-opera-house-and-wind-turbine_photographer-James-Bellorini.jpg","articleSection":["SME Stories"],"inLanguage":"sv-SE"},{"@type":"WebPage","@id":"https:\/\/smeclimatehub.org\/sv\/det-brittiska-operahuset-glyndebourne-siktar-pa-nettonollutslapp-och-prioriterar-klimatatgarder-i-hela-verksamheten\/","url":"https:\/\/smeclimatehub.org\/sv\/det-brittiska-operahuset-glyndebourne-siktar-pa-nettonollutslapp-och-prioriterar-klimatatgarder-i-hela-verksamheten\/","name":"Det brittiska operahuset Glyndebourne siktar p\u00e5 nettonollutsl\u00e4pp och prioriterar klimat\u00e5tg\u00e4rder i hela verksamheten. - SME Climate Hub","isPartOf":{"@id":"https:\/\/businessclimatehub.org\/es\/#website"},"primaryImageOfPage":{"@id":"https:\/\/smeclimatehub.org\/sv\/det-brittiska-operahuset-glyndebourne-siktar-pa-nettonollutslapp-och-prioriterar-klimatatgarder-i-hela-verksamheten\/#primaryimage"},"image":{"@id":"https:\/\/smeclimatehub.org\/sv\/det-brittiska-operahuset-glyndebourne-siktar-pa-nettonollutslapp-och-prioriterar-klimatatgarder-i-hela-verksamheten\/#primaryimage"},"thumbnailUrl":"https:\/\/smeclimatehub.org\/wp-content\/uploads\/2021\/08\/Glyndebourne-opera-house-and-wind-turbine_photographer-James-Bellorini.jpg","datePublished":"2021-08-12T06:30:04+00:00","dateModified":"2025-09-15T21:23:10+00:00","breadcrumb":{"@id":"https:\/\/smeclimatehub.org\/sv\/det-brittiska-operahuset-glyndebourne-siktar-pa-nettonollutslapp-och-prioriterar-klimatatgarder-i-hela-verksamheten\/#breadcrumb"},"inLanguage":"sv-SE","potentialAction":[{"@type":"ReadAction","target":["https:\/\/smeclimatehub.org\/sv\/det-brittiska-operahuset-glyndebourne-siktar-pa-nettonollutslapp-och-prioriterar-klimatatgarder-i-hela-verksamheten\/"]}]},{"@type":"ImageObject","inLanguage":"sv-SE","@id":"https:\/\/smeclimatehub.org\/sv\/det-brittiska-operahuset-glyndebourne-siktar-pa-nettonollutslapp-och-prioriterar-klimatatgarder-i-hela-verksamheten\/#primaryimage","url":"https:\/\/smeclimatehub.org\/wp-content\/uploads\/2021\/08\/Glyndebourne-opera-house-and-wind-turbine_photographer-James-Bellorini.jpg","contentUrl":"https:\/\/smeclimatehub.org\/wp-content\/uploads\/2021\/08\/Glyndebourne-opera-house-and-wind-turbine_photographer-James-Bellorini.jpg","width":1000,"height":667,"caption":"View showing the opera house, production hub and wind turbine at Glyndebourne, East Sussex, UK. Credit: Glyndebourne Productions Ltd. Photo: James Bellorini"},{"@type":"BreadcrumbList","@id":"https:\/\/smeclimatehub.org\/sv\/det-brittiska-operahuset-glyndebourne-siktar-pa-nettonollutslapp-och-prioriterar-klimatatgarder-i-hela-verksamheten\/#breadcrumb","itemListElement":[{"@type":"ListItem","position":1,"name":"Home","item":"https:\/\/smeclimatehub.org\/sv\/"},{"@type":"ListItem","position":2,"name":"Det brittiska operahuset Glyndebourne siktar p\u00e5 nettonollutsl\u00e4pp och prioriterar klimat\u00e5tg\u00e4rder i hela verksamheten."}]},{"@type":"WebSite","@id":"https:\/\/businessclimatehub.org\/es\/#website","url":"https:\/\/businessclimatehub.org\/es\/","name":"SME Climate hub","description":"","publisher":{"@id":"https:\/\/businessclimatehub.org\/es\/#organization"},"potentialAction":[{"@type":"SearchAction","target":{"@type":"EntryPoint","urlTemplate":"https:\/\/businessclimatehub.org\/es\/?s={search_term_string}"},"query-input":{"@type":"PropertyValueSpecification","valueRequired":true,"valueName":"search_term_string"}}],"inLanguage":"sv-SE"},{"@type":"Organization","@id":"https:\/\/businessclimatehub.org\/es\/#organization","name":"SME Climate hub","url":"https:\/\/businessclimatehub.org\/es\/","logo":{"@type":"ImageObject","inLanguage":"sv-SE","@id":"https:\/\/businessclimatehub.org\/es\/#\/schema\/logo\/image\/","url":"https:\/\/smeclimatehub.org\/wp-content\/uploads\/2025\/03\/smeLogo-1.png","contentUrl":"https:\/\/smeclimatehub.org\/wp-content\/uploads\/2025\/03\/smeLogo-1.png","width":465,"height":245,"caption":"SME Climate hub"},"image":{"@id":"https:\/\/businessclimatehub.org\/es\/#\/schema\/logo\/image\/"}},{"@type":"Person","@id":"https:\/\/businessclimatehub.org\/es\/#\/schema\/person\/a892d1e3d11b36e9af66621ece50f6d1","name":"adel.eskic","image":{"@type":"ImageObject","inLanguage":"sv-SE","@id":"https:\/\/businessclimatehub.org\/es\/#\/schema\/person\/image\/","url":"https:\/\/secure.gravatar.com\/avatar\/c6d0600e135ce420973af3f30adcbef6b3fd43e864e4beed4a1efcafb74d504f?s=96&d=mm&r=g","contentUrl":"https:\/\/secure.gravatar.com\/avatar\/c6d0600e135ce420973af3f30adcbef6b3fd43e864e4beed4a1efcafb74d504f?s=96&d=mm&r=g","caption":"adel.eskic"},"sameAs":["http:\/\/www.serious-fun.se"],"url":"https:\/\/smeclimatehub.org\/sv\/author\/adel-eskic\/"}]}},"_links":{"self":[{"href":"https:\/\/smeclimatehub.org\/sv\/wp-json\/wp\/v2\/posts\/86530","targetHints":{"allow":["GET"]}}],"collection":[{"href":"https:\/\/smeclimatehub.org\/sv\/wp-json\/wp\/v2\/posts"}],"about":[{"href":"https:\/\/smeclimatehub.org\/sv\/wp-json\/wp\/v2\/types\/post"}],"author":[{"embeddable":true,"href":"https:\/\/smeclimatehub.org\/sv\/wp-json\/wp\/v2\/users\/10027"}],"replies":[{"embeddable":true,"href":"https:\/\/smeclimatehub.org\/sv\/wp-json\/wp\/v2\/comments?post=86530"}],"version-history":[{"count":0,"href":"https:\/\/smeclimatehub.org\/sv\/wp-json\/wp\/v2\/posts\/86530\/revisions"}],"wp:featuredmedia":[{"embeddable":true,"href":"https:\/\/smeclimatehub.org\/sv\/wp-json\/wp\/v2\/media\/32370"}],"wp:attachment":[{"href":"https:\/\/smeclimatehub.org\/sv\/wp-json\/wp\/v2\/media?parent=86530"}],"wp:term":[{"taxonomy":"category","embeddable":true,"href":"https:\/\/smeclimatehub.org\/sv\/wp-json\/wp\/v2\/categories?post=86530"},{"taxonomy":"post_tag","embeddable":true,"href":"https:\/\/smeclimatehub.org\/sv\/wp-json\/wp\/v2\/tags?post=86530"}],"curies":[{"name":"wp","href":"https:\/\/api.w.org\/{rel}","templated":true}]}}