
{"id":93813,"date":"2024-06-26T02:09:40","date_gmt":"2024-06-26T01:09:40","guid":{"rendered":"https:\/\/smeclimatehub.org\/vmi-os-negocios-melhoram-quando-voce-toma-medidas-climaticas\/"},"modified":"2025-11-09T15:13:49","modified_gmt":"2025-11-09T14:13:49","slug":"vmi-os-negocios-melhoram-quando-voce-toma-medidas-climaticas","status":"publish","type":"post","link":"https:\/\/smeclimatehub.org\/pt-br\/vmi-os-negocios-melhoram-quando-voce-toma-medidas-climaticas\/","title":{"rendered":"VMI: Os neg\u00f3cios melhoram quando voc\u00ea toma medidas clim\u00e1ticas."},"content":{"rendered":"<div class=\"wp-block-image\">\n<figure class=\"aligncenter size-full\"><img loading=\"lazy\" decoding=\"async\" width=\"1024\" height=\"768\" src=\"https:\/\/smeclimatehub.org\/wp-content\/uploads\/2024\/06\/VMI-West-London-Business-Awards-recognising-sustainability-efforts.jpg\" alt=\"\" class=\"wp-image-21228\" srcset=\"https:\/\/smeclimatehub.org\/wp-content\/uploads\/2024\/06\/VMI-West-London-Business-Awards-recognising-sustainability-efforts.jpg 1024w, https:\/\/smeclimatehub.org\/wp-content\/uploads\/2024\/06\/VMI-West-London-Business-Awards-recognising-sustainability-efforts-300x225.jpg 300w, https:\/\/smeclimatehub.org\/wp-content\/uploads\/2024\/06\/VMI-West-London-Business-Awards-recognising-sustainability-efforts-768x576.jpg 768w\" sizes=\"auto, (max-width: 1024px) 100vw, 1024px\" \/><\/figure><\/div>\n<p><a href=\"https:\/\/climatechampions.unfccc.int\/vmi-business-improves-when-you-take-climate-action\/\"><em>Este artigo foi publicado originalmente no site da Climate Champions, plataforma que promove a Race to Zero<\/em> .<\/a><\/p>\n\n<p>Na VMI, como empresa de aluguel de c\u00e2meras para a ind\u00fastria televisiva, sempre fomos apaixonados pelo que fazemos, mas a jornada rumo \u00e0 sustentabilidade realmente redefiniu nosso prop\u00f3sito nos \u00faltimos tempos.<\/p>\n\n<p>Embora a sustentabilidade sempre tenha sido importante para n\u00f3s, nossa jornada rumo \u00e0 sustentabilidade come\u00e7ou de fato em 2021, com um convite para participar do programa <a href=\"https:\/\/www.london.gov.uk\/programmes-strategies\/environment-and-climate-change\/better-futures-programme\">Better Futures+,<\/a> financiado pelo prefeito de Londres, que apoia pequenas e m\u00e9dias empresas. Esse programa nos abriu os olhos para a necessidade urgente de a\u00e7\u00f5es clim\u00e1ticas. Percebemos o potencial de fazer uma diferen\u00e7a real e decidimos nos comprometer com emiss\u00f5es l\u00edquidas zero at\u00e9 2030, ingressando no SME Climate Hub. <\/p>\n\n<p>A curto prazo, investimos em 55 kW de pain\u00e9is solares, o que nos permite gerar a maior parte da nossa eletricidade, e estamos focados na transi\u00e7\u00e3o da nossa frota de vans para ve\u00edculos el\u00e9tricos ou h\u00edbridos at\u00e9 o final de 2024. \u00c9 importante destacar que j\u00e1 atingimos nossa meta de cinco anos de reduzir as emiss\u00f5es de CO2e em 50%, dois anos antes do previsto, e nos pr\u00f3ximos anos continuaremos a buscar novas redu\u00e7\u00f5es. <\/p>\n\n<p>Nosso objetivo final \u00e9 atingir emiss\u00f5es l\u00edquidas zero at\u00e9 2030, o que sabemos ser uma meta ambiciosa, mas estamos comprometidos em alcan\u00e7\u00e1-la com redu\u00e7\u00f5es anuais cont\u00ednuas e compartilhando nosso progresso de forma transparente. Utilizamos o Climate Essentials para monitorar e relatar nosso progresso e j\u00e1 estamos em nossa quarta auditoria de CO2, o que nos ajuda a garantir a transpar\u00eancia sobre nossos resultados. <\/p>\n\n<figure class=\"wp-block-pullquote alignfull\"><blockquote><p>&#8221; <em>Nossos clientes est\u00e3o mais envolvidos, e nossa equipe est\u00e1 mais engajada e inspirada do que nunca.<\/em> &#8220;<\/p><\/blockquote><\/figure>\n\n<p>Tudo mudou. Alinhamos nossas pol\u00edticas externas e atividades de engajamento com nossos compromissos clim\u00e1ticos, seguindo as diretrizes da Race to Zero para &#8220;persuadir&#8221; al\u00e9m da nossa pr\u00f3pria cadeia de valor. Uma das maiores li\u00e7\u00f5es que aprendemos \u00e9 que os neg\u00f3cios melhoram quando se tomam medidas clim\u00e1ticas. Nossos clientes est\u00e3o mais envolvidos, nossa equipe est\u00e1 mais engajada e inspirada do que nunca, e alcan\u00e7amos a menor rotatividade de funcion\u00e1rios da nossa hist\u00f3ria, al\u00e9m de termos recebido importante reconhecimento do setor.   <\/p>\n\n<p>Criamos um centro de sustentabilidade que inclui todos os nossos concorrentes e que se re\u00fane quatro vezes por ano para compartilhar as melhores pr\u00e1ticas. Tem sido incr\u00edvel ver todos se unindo pelo bem comum, e essa colabora\u00e7\u00e3o tem sido fundamental para impulsionar melhorias em todo o setor. Nossos esfor\u00e7os est\u00e3o documentados em relat\u00f3rios t\u00e9cnicos, e compartilhamos tudo o que aprendemos no site Rental Industry Sustainability <a href=\"https:\/\/www.rentalsustainability.tv\/\">: https:\/\/www.rentalsustainability.tv\/<\/a> .  <\/p>\n\n<p>O coment\u00e1rio de um cliente em uma pesquisa anual desafiou nossas pr\u00e1ticas comerciais e, por fim, nos levou \u00e0 nossa jornada de sustentabilidade. Agora, consultamos nossos funcion\u00e1rios e clientes sobre diversas decis\u00f5es, desde a escolha de programas de compensa\u00e7\u00e3o de carbono at\u00e9 a defini\u00e7\u00e3o da quantidade de comida vegetariana a ser oferecida em eventos da empresa. <\/p>\n\n<p>Utilizamos energia 100% renov\u00e1vel desde 2017 e, em maio de 2023, tornamo-nos exportadores l\u00edquidos de eletricidade, gerando e exportando mais energia do que importamos durante quatro meses do ano. N\u00e3o geramos res\u00edduos para aterros sanit\u00e1rios e erradicamos os pl\u00e1sticos descart\u00e1veis, chegando a usar sacos biodegrad\u00e1veis de f\u00e9cula de batata para selar filtros de c\u00e2meras. <\/p>\n\n<figure class=\"wp-block-pullquote alignfull\"><blockquote><p>&#8221; <em>A sustentabilidade caminha lado a lado com nossa dedica\u00e7\u00e3o aos nossos funcion\u00e1rios.<\/em> &#8220;<\/p><\/blockquote><\/figure>\n<div class=\"wp-block-image\">\n<figure class=\"aligncenter size-full is-resized\"><img loading=\"lazy\" decoding=\"async\" width=\"1024\" height=\"576\" src=\"https:\/\/smeclimatehub.org\/wp-content\/uploads\/2024\/06\/VMI-London-Team-Aug-22-1.jpeg\" alt=\"\" class=\"wp-image-21230\" style=\"width:981px;height:auto\" srcset=\"https:\/\/smeclimatehub.org\/wp-content\/uploads\/2024\/06\/VMI-London-Team-Aug-22-1.jpeg 1024w, https:\/\/smeclimatehub.org\/wp-content\/uploads\/2024\/06\/VMI-London-Team-Aug-22-1-300x169.jpeg 300w, https:\/\/smeclimatehub.org\/wp-content\/uploads\/2024\/06\/VMI-London-Team-Aug-22-1-768x432.jpeg 768w\" sizes=\"auto, (max-width: 1024px) 100vw, 1024px\" \/><\/figure><\/div>\n<p>Nosso compromisso com a sustentabilidade caminha lado a lado com nossa dedica\u00e7\u00e3o aos nossos funcion\u00e1rios. Quando a COVID-19 chegou, enfrentamos desafios significativos. Em vez de demitir funcion\u00e1rios, realizamos uma reuni\u00e3o com toda a empresa para discutir a situa\u00e7\u00e3o. Todos concordaram voluntariamente em aceitar um corte salarial de 20% para que pud\u00e9ssemos evitar demiss\u00f5es ou dispensar funcion\u00e1rios rec\u00e9m-contratados.   <\/p>\n\n<p>Nosso foco em priorizar as pessoas tamb\u00e9m ficou claramente demonstrado quando um de nossos motoristas de longa data, Jay, foi diagnosticado com c\u00e2ncer de p\u00e2ncreas em 2017. Jay estava conosco h\u00e1 mais de 20 anos e o consider\u00e1vamos como fam\u00edlia, n\u00e3o apenas um funcion\u00e1rio. Por isso, quando ele precisou se afastar do trabalho devido \u00e0 doen\u00e7a, continuamos pagando seu sal\u00e1rio integral. Felizmente, ele se recuperou de forma not\u00e1vel e retornou ao trabalho em uma fun\u00e7\u00e3o adaptada que criamos especificamente para ele, onde permaneceu at\u00e9 seu falecimento em 2020.  <\/p>\n\n<figure class=\"wp-block-pullquote alignfull\"><blockquote><p>&#8221; <em>N\u00e3o geramos res\u00edduos para aterros sanit\u00e1rios e erradicamos os pl\u00e1sticos de uso \u00fanico<\/em> .&#8221;<\/p><\/blockquote><\/figure>\n\n<p>Tamb\u00e9m incentivamos um estilo de vida saud\u00e1vel entre nossos funcion\u00e1rios e, h\u00e1 mais de dez anos, temos um programa de incentivo ao uso da bicicleta para ir ao trabalho. Muitos membros da nossa equipe, inclusive eu, pedalam regularmente. Em 2017, lan\u00e7amos a campanha &#8220;Super-her\u00f3is&#8221;, pedalando da nossa filial de Londres at\u00e9 Bristol e at\u00e9 mesmo Amsterd\u00e3, arrecadando mais de \u00a3 60.000 para a MAG International, com o objetivo de ajudar o mundo a erradicar as minas terrestres. <\/p>\n\n<p><br\/>Estamos empenhados em restabelecer nossa certifica\u00e7\u00e3o Investors in People para refletir nosso compromisso com o desenvolvimento e o bem-estar de nossa equipe. Nossos esfor\u00e7os em sustentabilidade n\u00e3o passaram despercebidos. Recebemos reconhecimento significativo por nossa abordagem proativa, incluindo o pr\u00eamio Hero of Net Zero na COP26 e diversos pr\u00eamios da West London Business.  <\/p>\n\n<p><br\/>Olhando para o futuro, sabemos que ainda h\u00e1 muito a ser feito. Planejamos nos mudar para um novo pr\u00e9dio em 2026 e buscamos aprimorar nossos recursos de sustentabilidade. Estamos comprometidos com a melhoria cont\u00ednua, reduzindo nossas emiss\u00f5es a cada ano e compartilhando informa\u00e7\u00f5es de forma transparente. Nossa vis\u00e3o para o futuro inclui n\u00e3o apenas atingir nossa meta de emiss\u00f5es l\u00edquidas zero at\u00e9 2030, mas tamb\u00e9m inspirar outros no setor a seguirem nosso exemplo. Juntos, podemos causar um impacto significativo e impulsionar mudan\u00e7as duradouras na luta contra as mudan\u00e7as clim\u00e1ticas.    <\/p>\n\n<p><br\/>Gra\u00e7as a todos esses esfor\u00e7os, vimos nosso neg\u00f3cio melhorar. Nossos clientes est\u00e3o mais envolvidos e nossa equipe est\u00e1 mais engajada e inspirada do que nunca. A jornada n\u00e3o foi f\u00e1cil, mas tem sido incrivelmente gratificante. Ao nos mantermos fi\u00e9is aos nossos valores e nos comprometermos com um futuro de emiss\u00f5es l\u00edquidas zero, n\u00e3o estamos apenas fazendo a diferen\u00e7a em nosso setor \u2013 estamos estabelecendo um novo padr\u00e3o para o que significa ser uma empresa respons\u00e1vel e inovadora, e exemplificando por que queremos fazer parte da corrida rumo \u00e0s emiss\u00f5es l\u00edquidas zero.   <br\/><br\/><em><a href=\"https:\/\/vmi.tv\/sustainability\/\" target=\"_blank\" rel=\"noreferrer noopener\">Descubra mais sobre a jornada de sustentabilidade da VMI.<\/a><\/em><br\/><br\/><a href=\"https:\/\/climatechampions.unfccc.int\/the-story-of-a-global-film-and-camera-rental-company-determined-to-reach-net-zero-by-2030\/\" target=\"_blank\" rel=\"noreferrer noopener\"><em>INFOGR\u00c1FICO: Quatro anos de a\u00e7\u00e3o clim\u00e1tica, a Corrida para o Zero do VMI<\/em><\/a><\/p>\n","protected":false},"excerpt":{"rendered":"<p>Este artigo foi publicado originalmente no site da Climate Champions, plataforma que promove a Race to Zero . Na VMI, como empresa de aluguel de c\u00e2meras para a ind\u00fastria televisiva, sempre fomos apaixonados pelo que fazemos, mas a jornada rumo \u00e0 sustentabilidade realmente redefiniu nosso prop\u00f3sito nos \u00faltimos tempos. Embora a sustentabilidade sempre tenha sido [&hellip;]<\/p>\n","protected":false},"author":6400,"featured_media":94215,"comment_status":"closed","ping_status":"closed","sticky":false,"template":"","format":"standard","meta":{"_acf_changed":false,"inline_featured_image":false,"footnotes":""},"categories":[244,245,2],"tags":[],"class_list":["post-93813","post","type-post","status-publish","format-standard","has-post-thumbnail","hentry","category-artigo","category-historias-de-pmes","category-posts"],"acf":[],"yoast_head":"<title>VMI: Os neg\u00f3cios melhoram quando voc\u00ea toma medidas clim\u00e1ticas. - SME Climate Hub<\/title>\n<meta name=\"robots\" content=\"index, follow, max-snippet:-1, max-image-preview:large, max-video-preview:-1\" \/>\n<link rel=\"canonical\" href=\"https:\/\/smeclimatehub.org\/pt-br\/vmi-os-negocios-melhoram-quando-voce-toma-medidas-climaticas\/\" \/>\n<meta property=\"og:locale\" content=\"pt_BR\" \/>\n<meta property=\"og:type\" content=\"article\" \/>\n<meta property=\"og:title\" content=\"VMI: Os neg\u00f3cios melhoram quando voc\u00ea toma medidas clim\u00e1ticas. - SME Climate Hub\" \/>\n<meta property=\"og:description\" content=\"Este artigo foi publicado originalmente no site da Climate Champions, plataforma que promove a Race to Zero . Na VMI, como empresa de aluguel de c\u00e2meras para a ind\u00fastria televisiva, sempre fomos apaixonados pelo que fazemos, mas a jornada rumo \u00e0 sustentabilidade realmente redefiniu nosso prop\u00f3sito nos \u00faltimos tempos. Embora a sustentabilidade sempre tenha sido [&hellip;]\" \/>\n<meta property=\"og:url\" content=\"https:\/\/smeclimatehub.org\/pt-br\/vmi-os-negocios-melhoram-quando-voce-toma-medidas-climaticas\/\" \/>\n<meta property=\"og:site_name\" content=\"SME Climate Hub\" \/>\n<meta property=\"article:published_time\" content=\"2024-06-26T01:09:40+00:00\" \/>\n<meta property=\"article:modified_time\" content=\"2025-11-09T14:13:49+00:00\" \/>\n<meta property=\"og:image\" content=\"https:\/\/smeclimatehub.org\/wp-content\/uploads\/2024\/06\/VMI-London-Team-Aug-22-1-1.jpeg\" \/>\n\t<meta property=\"og:image:width\" content=\"1024\" \/>\n\t<meta property=\"og:image:height\" content=\"576\" \/>\n\t<meta property=\"og:image:type\" content=\"image\/jpeg\" \/>\n<meta name=\"author\" content=\"jselig@wemeanbusinesscoalition.org\" \/>\n<meta name=\"twitter:card\" content=\"summary_large_image\" \/>\n<meta name=\"twitter:label1\" content=\"Written by\" \/>\n\t<meta name=\"twitter:data1\" content=\"jselig@wemeanbusinesscoalition.org\" \/>\n\t<meta name=\"twitter:label2\" content=\"Est. reading time\" \/>\n\t<meta name=\"twitter:data2\" content=\"5 minutos\" \/>\n<script type=\"application\/ld+json\" class=\"yoast-schema-graph\">{\"@context\":\"https:\/\/schema.org\",\"@graph\":[{\"@type\":\"Article\",\"@id\":\"https:\/\/smeclimatehub.org\/pt-br\/vmi-os-negocios-melhoram-quando-voce-toma-medidas-climaticas\/#article\",\"isPartOf\":{\"@id\":\"https:\/\/smeclimatehub.org\/pt-br\/vmi-os-negocios-melhoram-quando-voce-toma-medidas-climaticas\/\"},\"author\":{\"name\":\"jselig@wemeanbusinesscoalition.org\",\"@id\":\"https:\/\/businessclimatehub.org\/es\/#\/schema\/person\/a170baee1d5d595d2c877a47e88107ca\"},\"headline\":\"VMI: Os neg\u00f3cios melhoram quando voc\u00ea toma medidas clim\u00e1ticas.\",\"datePublished\":\"2024-06-26T01:09:40+00:00\",\"dateModified\":\"2025-11-09T14:13:49+00:00\",\"mainEntityOfPage\":{\"@id\":\"https:\/\/smeclimatehub.org\/pt-br\/vmi-os-negocios-melhoram-quando-voce-toma-medidas-climaticas\/\"},\"wordCount\":1149,\"publisher\":{\"@id\":\"https:\/\/businessclimatehub.org\/es\/#organization\"},\"image\":{\"@id\":\"https:\/\/smeclimatehub.org\/pt-br\/vmi-os-negocios-melhoram-quando-voce-toma-medidas-climaticas\/#primaryimage\"},\"thumbnailUrl\":\"https:\/\/smeclimatehub.org\/wp-content\/uploads\/2024\/06\/VMI-London-Team-Aug-22-1-1.jpeg\",\"articleSection\":[\"Artigo\",\"Hist\u00f3rias de PMEs\",\"Posts\"],\"inLanguage\":\"pt-BR\"},{\"@type\":\"WebPage\",\"@id\":\"https:\/\/smeclimatehub.org\/pt-br\/vmi-os-negocios-melhoram-quando-voce-toma-medidas-climaticas\/\",\"url\":\"https:\/\/smeclimatehub.org\/pt-br\/vmi-os-negocios-melhoram-quando-voce-toma-medidas-climaticas\/\",\"name\":\"VMI: Os neg\u00f3cios melhoram quando voc\u00ea toma medidas clim\u00e1ticas. - SME Climate Hub\",\"isPartOf\":{\"@id\":\"https:\/\/businessclimatehub.org\/es\/#website\"},\"primaryImageOfPage\":{\"@id\":\"https:\/\/smeclimatehub.org\/pt-br\/vmi-os-negocios-melhoram-quando-voce-toma-medidas-climaticas\/#primaryimage\"},\"image\":{\"@id\":\"https:\/\/smeclimatehub.org\/pt-br\/vmi-os-negocios-melhoram-quando-voce-toma-medidas-climaticas\/#primaryimage\"},\"thumbnailUrl\":\"https:\/\/smeclimatehub.org\/wp-content\/uploads\/2024\/06\/VMI-London-Team-Aug-22-1-1.jpeg\",\"datePublished\":\"2024-06-26T01:09:40+00:00\",\"dateModified\":\"2025-11-09T14:13:49+00:00\",\"breadcrumb\":{\"@id\":\"https:\/\/smeclimatehub.org\/pt-br\/vmi-os-negocios-melhoram-quando-voce-toma-medidas-climaticas\/#breadcrumb\"},\"inLanguage\":\"pt-BR\",\"potentialAction\":[{\"@type\":\"ReadAction\",\"target\":[\"https:\/\/smeclimatehub.org\/pt-br\/vmi-os-negocios-melhoram-quando-voce-toma-medidas-climaticas\/\"]}]},{\"@type\":\"ImageObject\",\"inLanguage\":\"pt-BR\",\"@id\":\"https:\/\/smeclimatehub.org\/pt-br\/vmi-os-negocios-melhoram-quando-voce-toma-medidas-climaticas\/#primaryimage\",\"url\":\"https:\/\/smeclimatehub.org\/wp-content\/uploads\/2024\/06\/VMI-London-Team-Aug-22-1-1.jpeg\",\"contentUrl\":\"https:\/\/smeclimatehub.org\/wp-content\/uploads\/2024\/06\/VMI-London-Team-Aug-22-1-1.jpeg\",\"width\":1024,\"height\":576},{\"@type\":\"BreadcrumbList\",\"@id\":\"https:\/\/smeclimatehub.org\/pt-br\/vmi-os-negocios-melhoram-quando-voce-toma-medidas-climaticas\/#breadcrumb\",\"itemListElement\":[{\"@type\":\"ListItem\",\"position\":1,\"name\":\"Home\",\"item\":\"https:\/\/smeclimatehub.org\/pt-br\/\"},{\"@type\":\"ListItem\",\"position\":2,\"name\":\"VMI: Os neg\u00f3cios melhoram quando voc\u00ea toma medidas clim\u00e1ticas.\"}]},{\"@type\":\"WebSite\",\"@id\":\"https:\/\/businessclimatehub.org\/es\/#website\",\"url\":\"https:\/\/businessclimatehub.org\/es\/\",\"name\":\"SME Climate hub\",\"description\":\"\",\"publisher\":{\"@id\":\"https:\/\/businessclimatehub.org\/es\/#organization\"},\"potentialAction\":[{\"@type\":\"SearchAction\",\"target\":{\"@type\":\"EntryPoint\",\"urlTemplate\":\"https:\/\/businessclimatehub.org\/es\/?s={search_term_string}\"},\"query-input\":{\"@type\":\"PropertyValueSpecification\",\"valueRequired\":true,\"valueName\":\"search_term_string\"}}],\"inLanguage\":\"pt-BR\"},{\"@type\":\"Organization\",\"@id\":\"https:\/\/businessclimatehub.org\/es\/#organization\",\"name\":\"SME Climate hub\",\"url\":\"https:\/\/businessclimatehub.org\/es\/\",\"logo\":{\"@type\":\"ImageObject\",\"inLanguage\":\"pt-BR\",\"@id\":\"https:\/\/businessclimatehub.org\/es\/#\/schema\/logo\/image\/\",\"url\":\"https:\/\/smeclimatehub.org\/wp-content\/uploads\/2025\/03\/smeLogo-1.png\",\"contentUrl\":\"https:\/\/smeclimatehub.org\/wp-content\/uploads\/2025\/03\/smeLogo-1.png\",\"width\":465,\"height\":245,\"caption\":\"SME Climate hub\"},\"image\":{\"@id\":\"https:\/\/businessclimatehub.org\/es\/#\/schema\/logo\/image\/\"}},{\"@type\":\"Person\",\"@id\":\"https:\/\/businessclimatehub.org\/es\/#\/schema\/person\/a170baee1d5d595d2c877a47e88107ca\",\"name\":\"jselig@wemeanbusinesscoalition.org\",\"image\":{\"@type\":\"ImageObject\",\"inLanguage\":\"pt-BR\",\"@id\":\"https:\/\/businessclimatehub.org\/es\/#\/schema\/person\/image\/\",\"url\":\"https:\/\/secure.gravatar.com\/avatar\/56cc478e7170f8b16ede1dd45ae8a5b3752b17ff7949bf3f685237d19d48bb3d?s=96&d=mm&r=g\",\"contentUrl\":\"https:\/\/secure.gravatar.com\/avatar\/56cc478e7170f8b16ede1dd45ae8a5b3752b17ff7949bf3f685237d19d48bb3d?s=96&d=mm&r=g\",\"caption\":\"jselig@wemeanbusinesscoalition.org\"},\"url\":\"https:\/\/smeclimatehub.org\/pt-br\/author\/jseligwemeanbusinesscoalition-org\/\"}]}<\/script>","yoast_head_json":{"title":"VMI: Os neg\u00f3cios melhoram quando voc\u00ea toma medidas clim\u00e1ticas. - SME Climate Hub","robots":{"index":"index","follow":"follow","max-snippet":"max-snippet:-1","max-image-preview":"max-image-preview:large","max-video-preview":"max-video-preview:-1"},"canonical":"https:\/\/smeclimatehub.org\/pt-br\/vmi-os-negocios-melhoram-quando-voce-toma-medidas-climaticas\/","og_locale":"pt_BR","og_type":"article","og_title":"VMI: Os neg\u00f3cios melhoram quando voc\u00ea toma medidas clim\u00e1ticas. - SME Climate Hub","og_description":"Este artigo foi publicado originalmente no site da Climate Champions, plataforma que promove a Race to Zero . Na VMI, como empresa de aluguel de c\u00e2meras para a ind\u00fastria televisiva, sempre fomos apaixonados pelo que fazemos, mas a jornada rumo \u00e0 sustentabilidade realmente redefiniu nosso prop\u00f3sito nos \u00faltimos tempos. Embora a sustentabilidade sempre tenha sido [&hellip;]","og_url":"https:\/\/smeclimatehub.org\/pt-br\/vmi-os-negocios-melhoram-quando-voce-toma-medidas-climaticas\/","og_site_name":"SME Climate Hub","article_published_time":"2024-06-26T01:09:40+00:00","article_modified_time":"2025-11-09T14:13:49+00:00","og_image":[{"width":1024,"height":576,"url":"https:\/\/smeclimatehub.org\/wp-content\/uploads\/2024\/06\/VMI-London-Team-Aug-22-1-1.jpeg","type":"image\/jpeg"}],"author":"jselig@wemeanbusinesscoalition.org","twitter_card":"summary_large_image","twitter_misc":{"Written by":"jselig@wemeanbusinesscoalition.org","Est. reading time":"5 minutos"},"schema":{"@context":"https:\/\/schema.org","@graph":[{"@type":"Article","@id":"https:\/\/smeclimatehub.org\/pt-br\/vmi-os-negocios-melhoram-quando-voce-toma-medidas-climaticas\/#article","isPartOf":{"@id":"https:\/\/smeclimatehub.org\/pt-br\/vmi-os-negocios-melhoram-quando-voce-toma-medidas-climaticas\/"},"author":{"name":"jselig@wemeanbusinesscoalition.org","@id":"https:\/\/businessclimatehub.org\/es\/#\/schema\/person\/a170baee1d5d595d2c877a47e88107ca"},"headline":"VMI: Os neg\u00f3cios melhoram quando voc\u00ea toma medidas clim\u00e1ticas.","datePublished":"2024-06-26T01:09:40+00:00","dateModified":"2025-11-09T14:13:49+00:00","mainEntityOfPage":{"@id":"https:\/\/smeclimatehub.org\/pt-br\/vmi-os-negocios-melhoram-quando-voce-toma-medidas-climaticas\/"},"wordCount":1149,"publisher":{"@id":"https:\/\/businessclimatehub.org\/es\/#organization"},"image":{"@id":"https:\/\/smeclimatehub.org\/pt-br\/vmi-os-negocios-melhoram-quando-voce-toma-medidas-climaticas\/#primaryimage"},"thumbnailUrl":"https:\/\/smeclimatehub.org\/wp-content\/uploads\/2024\/06\/VMI-London-Team-Aug-22-1-1.jpeg","articleSection":["Artigo","Hist\u00f3rias de PMEs","Posts"],"inLanguage":"pt-BR"},{"@type":"WebPage","@id":"https:\/\/smeclimatehub.org\/pt-br\/vmi-os-negocios-melhoram-quando-voce-toma-medidas-climaticas\/","url":"https:\/\/smeclimatehub.org\/pt-br\/vmi-os-negocios-melhoram-quando-voce-toma-medidas-climaticas\/","name":"VMI: Os neg\u00f3cios melhoram quando voc\u00ea toma medidas clim\u00e1ticas. - SME Climate Hub","isPartOf":{"@id":"https:\/\/businessclimatehub.org\/es\/#website"},"primaryImageOfPage":{"@id":"https:\/\/smeclimatehub.org\/pt-br\/vmi-os-negocios-melhoram-quando-voce-toma-medidas-climaticas\/#primaryimage"},"image":{"@id":"https:\/\/smeclimatehub.org\/pt-br\/vmi-os-negocios-melhoram-quando-voce-toma-medidas-climaticas\/#primaryimage"},"thumbnailUrl":"https:\/\/smeclimatehub.org\/wp-content\/uploads\/2024\/06\/VMI-London-Team-Aug-22-1-1.jpeg","datePublished":"2024-06-26T01:09:40+00:00","dateModified":"2025-11-09T14:13:49+00:00","breadcrumb":{"@id":"https:\/\/smeclimatehub.org\/pt-br\/vmi-os-negocios-melhoram-quando-voce-toma-medidas-climaticas\/#breadcrumb"},"inLanguage":"pt-BR","potentialAction":[{"@type":"ReadAction","target":["https:\/\/smeclimatehub.org\/pt-br\/vmi-os-negocios-melhoram-quando-voce-toma-medidas-climaticas\/"]}]},{"@type":"ImageObject","inLanguage":"pt-BR","@id":"https:\/\/smeclimatehub.org\/pt-br\/vmi-os-negocios-melhoram-quando-voce-toma-medidas-climaticas\/#primaryimage","url":"https:\/\/smeclimatehub.org\/wp-content\/uploads\/2024\/06\/VMI-London-Team-Aug-22-1-1.jpeg","contentUrl":"https:\/\/smeclimatehub.org\/wp-content\/uploads\/2024\/06\/VMI-London-Team-Aug-22-1-1.jpeg","width":1024,"height":576},{"@type":"BreadcrumbList","@id":"https:\/\/smeclimatehub.org\/pt-br\/vmi-os-negocios-melhoram-quando-voce-toma-medidas-climaticas\/#breadcrumb","itemListElement":[{"@type":"ListItem","position":1,"name":"Home","item":"https:\/\/smeclimatehub.org\/pt-br\/"},{"@type":"ListItem","position":2,"name":"VMI: Os neg\u00f3cios melhoram quando voc\u00ea toma medidas clim\u00e1ticas."}]},{"@type":"WebSite","@id":"https:\/\/businessclimatehub.org\/es\/#website","url":"https:\/\/businessclimatehub.org\/es\/","name":"SME Climate hub","description":"","publisher":{"@id":"https:\/\/businessclimatehub.org\/es\/#organization"},"potentialAction":[{"@type":"SearchAction","target":{"@type":"EntryPoint","urlTemplate":"https:\/\/businessclimatehub.org\/es\/?s={search_term_string}"},"query-input":{"@type":"PropertyValueSpecification","valueRequired":true,"valueName":"search_term_string"}}],"inLanguage":"pt-BR"},{"@type":"Organization","@id":"https:\/\/businessclimatehub.org\/es\/#organization","name":"SME Climate hub","url":"https:\/\/businessclimatehub.org\/es\/","logo":{"@type":"ImageObject","inLanguage":"pt-BR","@id":"https:\/\/businessclimatehub.org\/es\/#\/schema\/logo\/image\/","url":"https:\/\/smeclimatehub.org\/wp-content\/uploads\/2025\/03\/smeLogo-1.png","contentUrl":"https:\/\/smeclimatehub.org\/wp-content\/uploads\/2025\/03\/smeLogo-1.png","width":465,"height":245,"caption":"SME Climate hub"},"image":{"@id":"https:\/\/businessclimatehub.org\/es\/#\/schema\/logo\/image\/"}},{"@type":"Person","@id":"https:\/\/businessclimatehub.org\/es\/#\/schema\/person\/a170baee1d5d595d2c877a47e88107ca","name":"jselig@wemeanbusinesscoalition.org","image":{"@type":"ImageObject","inLanguage":"pt-BR","@id":"https:\/\/businessclimatehub.org\/es\/#\/schema\/person\/image\/","url":"https:\/\/secure.gravatar.com\/avatar\/56cc478e7170f8b16ede1dd45ae8a5b3752b17ff7949bf3f685237d19d48bb3d?s=96&d=mm&r=g","contentUrl":"https:\/\/secure.gravatar.com\/avatar\/56cc478e7170f8b16ede1dd45ae8a5b3752b17ff7949bf3f685237d19d48bb3d?s=96&d=mm&r=g","caption":"jselig@wemeanbusinesscoalition.org"},"url":"https:\/\/smeclimatehub.org\/pt-br\/author\/jseligwemeanbusinesscoalition-org\/"}]}},"_links":{"self":[{"href":"https:\/\/smeclimatehub.org\/pt-br\/wp-json\/wp\/v2\/posts\/93813","targetHints":{"allow":["GET"]}}],"collection":[{"href":"https:\/\/smeclimatehub.org\/pt-br\/wp-json\/wp\/v2\/posts"}],"about":[{"href":"https:\/\/smeclimatehub.org\/pt-br\/wp-json\/wp\/v2\/types\/post"}],"author":[{"embeddable":true,"href":"https:\/\/smeclimatehub.org\/pt-br\/wp-json\/wp\/v2\/users\/6400"}],"replies":[{"embeddable":true,"href":"https:\/\/smeclimatehub.org\/pt-br\/wp-json\/wp\/v2\/comments?post=93813"}],"version-history":[{"count":0,"href":"https:\/\/smeclimatehub.org\/pt-br\/wp-json\/wp\/v2\/posts\/93813\/revisions"}],"wp:featuredmedia":[{"embeddable":true,"href":"https:\/\/smeclimatehub.org\/pt-br\/wp-json\/wp\/v2\/media\/94215"}],"wp:attachment":[{"href":"https:\/\/smeclimatehub.org\/pt-br\/wp-json\/wp\/v2\/media?parent=93813"}],"wp:term":[{"taxonomy":"category","embeddable":true,"href":"https:\/\/smeclimatehub.org\/pt-br\/wp-json\/wp\/v2\/categories?post=93813"},{"taxonomy":"post_tag","embeddable":true,"href":"https:\/\/smeclimatehub.org\/pt-br\/wp-json\/wp\/v2\/tags?post=93813"}],"curies":[{"name":"wp","href":"https:\/\/api.w.org\/{rel}","templated":true}]}}